{"id":990,"date":"2024-11-10T18:47:00","date_gmt":"2024-11-10T17:47:00","guid":{"rendered":"https:\/\/getmybook.es\/?p=990"},"modified":"2025-09-22T12:17:44","modified_gmt":"2025-09-22T10:17:44","slug":"estofat-de-vedella-amb-bolets-i-moniato","status":"publish","type":"post","link":"https:\/\/getmybook.es\/ca\/blog\/estofat-de-vedella-amb-bolets-i-moniato\/","title":{"rendered":"Estofat de vedella amb bolets i moniato"},"content":{"rendered":"\n<h2 class=\"wp-block-heading\"><span class=\"ez-toc-section\" id=\"Recepta_destofat_de_vedella_amb_bolets_i_moniato\"><\/span>Recepta d&#8217;estofat de vedella amb bolets i moniato<span class=\"ez-toc-section-end\"><\/span><\/h2>\n\n\n\n<h3 class=\"wp-block-heading\"><span class=\"ez-toc-section\" id=\"Ingredients\"><\/span>Ingredients<span class=\"ez-toc-section-end\"><\/span><\/h3>\n\n\n\n<ul class=\"wp-block-list\">\n<li>650-700 g de vedella per guisar<\/li>\n\n\n\n<li>Oli d \u2018oliva verge extra<\/li>\n\n\n\n<li>Sal<\/li>\n\n\n\n<li>1 escalunya<\/li>\n\n\n\n<li>350 g de vi blanc sec<\/li>\n\n\n\n<li>1 c\/c de canyella en pols en polvo<\/li>\n\n\n\n<li>1 c\/c de gingebre en pols<\/li>\n\n\n\n<li>2 baies de pebre de Jamaica<\/li>\n\n\n\n<li>1 c\/c de com\u00ed en pols<\/li>\n\n\n\n<li>1\/2 c\/c de piment\u00f3n de la Vera<\/li>\n\n\n\n<li>300 g de moniato<\/li>\n\n\n\n<li>300 g de bolets de temporada<\/li>\n\n\n\n<li>200 g de caldo de carn (o de verdures)<\/li>\n\n\n\n<li>3 c\/s de pinyons<\/li>\n\n\n\n<li>1\/2 c\/c de s\u00e0lvia<\/li>\n<\/ul>\n\n\n\n<h3 class=\"wp-block-heading\"><span class=\"ez-toc-section\" id=\"Preparacio\"><\/span>Preparaci\u00f3<span class=\"ez-toc-section-end\"><\/span><\/h3>\n\n\n\n<ol class=\"wp-block-list\">\n<li>Tallar la carn a daus.<\/li>\n\n\n\n<li>Pelar i picar l\u2019escalunya en ploma.<\/li>\n\n\n\n<li>Posar en una cassola amb oli al foc, quan estigui calent incorporem la vedella salpebrada al gust. La daurem a foc viu. A continuaci\u00f3 afegim l&#8217;escalunya i deixem que s\u2019estovi.<\/li>\n\n\n\n<li>A continuaci\u00f3 incorporar el vi blanc, la canyella, el gingebre, el pebre de Jamaica m\u00f2lt, el com\u00ed i el piment\u00f3n de la Vera.<\/li>\n\n\n\n<li>Deixar coure a foc lent durant una hora i mitja o fins que la carn estigui tendra.<\/li>\n\n\n\n<li>Netejar els bolets i si s\u00f3n grans els tallem.<\/li>\n\n\n\n<li>Incorporar el moniato, els bolets i el caldo.<\/li>\n\n\n\n<li>Cuinar fins que el moniato estigui tendre i reservem.<\/li>\n\n\n\n<li>A l&#8217;hora de servir torrar en una paella pinyols a temperatura moderada.<\/li>\n\n\n\n<li>Incorporar al plat els pinyons i la s\u00e0lvia picada.<\/li>\n<\/ol>\n","protected":false},"excerpt":{"rendered":"<p>Recepta d&#8217;estofat de vedella amb bolets i moniato Ingredients Preparaci\u00f3<\/p>\n","protected":false},"author":2,"featured_media":0,"comment_status":"open","ping_status":"open","sticky":false,"template":"","format":"standard","meta":{"footnotes":""},"categories":[12],"tags":[138,118,86,209],"class_list":["post-990","post","type-post","status-publish","format-standard","hentry","category-receptes-facils","tag-bolets-2","tag-estofat","tag-moniato-2","tag-vedella"],"_links":{"self":[{"href":"https:\/\/getmybook.es\/ca\/wp-json\/wp\/v2\/posts\/990","targetHints":{"allow":["GET"]}}],"collection":[{"href":"https:\/\/getmybook.es\/ca\/wp-json\/wp\/v2\/posts"}],"about":[{"href":"https:\/\/getmybook.es\/ca\/wp-json\/wp\/v2\/types\/post"}],"author":[{"embeddable":true,"href":"https:\/\/getmybook.es\/ca\/wp-json\/wp\/v2\/users\/2"}],"replies":[{"embeddable":true,"href":"https:\/\/getmybook.es\/ca\/wp-json\/wp\/v2\/comments?post=990"}],"version-history":[{"count":3,"href":"https:\/\/getmybook.es\/ca\/wp-json\/wp\/v2\/posts\/990\/revisions"}],"predecessor-version":[{"id":1523,"href":"https:\/\/getmybook.es\/ca\/wp-json\/wp\/v2\/posts\/990\/revisions\/1523"}],"wp:attachment":[{"href":"https:\/\/getmybook.es\/ca\/wp-json\/wp\/v2\/media?parent=990"}],"wp:term":[{"taxonomy":"category","embeddable":true,"href":"https:\/\/getmybook.es\/ca\/wp-json\/wp\/v2\/categories?post=990"},{"taxonomy":"post_tag","embeddable":true,"href":"https:\/\/getmybook.es\/ca\/wp-json\/wp\/v2\/tags?post=990"}],"curies":[{"name":"wp","href":"https:\/\/api.w.org\/{rel}","templated":true}]}}