{"id":944,"date":"2025-08-10T11:56:22","date_gmt":"2025-08-10T09:56:22","guid":{"rendered":"https:\/\/getmybook.es\/?p=944"},"modified":"2025-09-22T11:49:08","modified_gmt":"2025-09-22T09:49:08","slug":"crema-de-carbassa-i-castanyes","status":"publish","type":"post","link":"https:\/\/getmybook.es\/ca\/blog\/crema-de-carbassa-i-castanyes\/","title":{"rendered":"Crema de carbassa i castanyes"},"content":{"rendered":"\n<h2 class=\"wp-block-heading\"><span class=\"ez-toc-section\" id=\"Recepta_de_crema_de_carbassa_i_castanyes\"><\/span>Recepta de crema de carbassa i castanyes<span class=\"ez-toc-section-end\"><\/span><\/h2>\n\n\n\n<p>Recepta de tardor ideal per la castanyada.<\/p><div id=\"ez-toc-container\" class=\"ez-toc-v2_0_81 counter-hierarchy ez-toc-counter ez-toc-grey ez-toc-container-direction\">\n<div class=\"ez-toc-title-container\">\n<p class=\"ez-toc-title\" style=\"cursor:inherit\">Resum<\/p>\n<span class=\"ez-toc-title-toggle\"><a href=\"#\" class=\"ez-toc-pull-right ez-toc-btn ez-toc-btn-xs ez-toc-btn-default ez-toc-toggle\" aria-label=\"Toggle Table of Content\"><span class=\"ez-toc-js-icon-con\"><span class=\"\"><span class=\"eztoc-hide\" style=\"display:none;\">Toggle<\/span><span class=\"ez-toc-icon-toggle-span\"><svg style=\"fill: #999;color:#999\" xmlns=\"http:\/\/www.w3.org\/2000\/svg\" class=\"list-377408\" width=\"20px\" height=\"20px\" viewBox=\"0 0 24 24\" fill=\"none\"><path d=\"M6 6H4v2h2V6zm14 0H8v2h12V6zM4 11h2v2H4v-2zm16 0H8v2h12v-2zM4 16h2v2H4v-2zm16 0H8v2h12v-2z\" fill=\"currentColor\"><\/path><\/svg><svg style=\"fill: #999;color:#999\" class=\"arrow-unsorted-368013\" xmlns=\"http:\/\/www.w3.org\/2000\/svg\" width=\"10px\" height=\"10px\" viewBox=\"0 0 24 24\" version=\"1.2\" baseProfile=\"tiny\"><path d=\"M18.2 9.3l-6.2-6.3-6.2 6.3c-.2.2-.3.4-.3.7s.1.5.3.7c.2.2.4.3.7.3h11c.3 0 .5-.1.7-.3.2-.2.3-.5.3-.7s-.1-.5-.3-.7zM5.8 14.7l6.2 6.3 6.2-6.3c.2-.2.3-.5.3-.7s-.1-.5-.3-.7c-.2-.2-.4-.3-.7-.3h-11c-.3 0-.5.1-.7.3-.2.2-.3.5-.3.7s.1.5.3.7z\"\/><\/svg><\/span><\/span><\/span><\/a><\/span><\/div>\n<nav><ul class='ez-toc-list ez-toc-list-level-1 eztoc-toggle-hide-by-default' ><li class='ez-toc-page-1 ez-toc-heading-level-2'><a class=\"ez-toc-link ez-toc-heading-1\" href=\"https:\/\/getmybook.es\/ca\/blog\/crema-de-carbassa-i-castanyes\/#Recepta_de_crema_de_carbassa_i_castanyes\" >Recepta de crema de carbassa i castanyes<\/a><ul class='ez-toc-list-level-3' ><li class='ez-toc-heading-level-3'><a class=\"ez-toc-link ez-toc-heading-2\" href=\"https:\/\/getmybook.es\/ca\/blog\/crema-de-carbassa-i-castanyes\/#Ingredients_per_8_persones\" >Ingredients per 8 persones<\/a><\/li><li class='ez-toc-page-1 ez-toc-heading-level-3'><a class=\"ez-toc-link ez-toc-heading-3\" href=\"https:\/\/getmybook.es\/ca\/blog\/crema-de-carbassa-i-castanyes\/#Preparacio\" >Preparaci\u00f3<\/a><\/li><\/ul><\/li><\/ul><\/nav><\/div>\n\n\n\n\n<h3 class=\"wp-block-heading\"><span class=\"ez-toc-section\" id=\"Ingredients_per_8_persones\"><\/span>Ingredients per 8 persones<span class=\"ez-toc-section-end\"><\/span><\/h3>\n\n\n\n<ul class=\"wp-block-list\">\n<li>600gr de carbassa<\/li>\n\n\n\n<li>8 castanyes pelades (opcions: crues o torrades)<\/li>\n\n\n\n<li>1 ceba mitjana<\/li>\n\n\n\n<li>1 porro<\/li>\n\n\n\n<li>1 litre de caldo de verdures<\/li>\n\n\n\n<li>1 grapat de pinyons torrats<\/li>\n\n\n\n<li>Oli d\u2019oliva verge<\/li>\n\n\n\n<li>Sal<\/li>\n<\/ul>\n\n\n\n<h3 class=\"wp-block-heading\"><span class=\"ez-toc-section\" id=\"Preparacio\"><\/span>Preparaci\u00f3<span class=\"ez-toc-section-end\"><\/span><\/h3>\n\n\n\n<ol class=\"wp-block-list\">\n<li>Tallem la carabassa a daus petits, i les castanyes a trossets.<\/li>\n\n\n\n<li>Piquem el porro i la ceba a juliana fina. En una olla els ofeguem amb un raig d&#8217;oli d&#8217;oliva durant 5 minuts a foc mitj\u00e0, evitant que agafin color.<\/li>\n\n\n\n<li>Ara afegim la carabassa i continuem coent durant 5-10 minuts m\u00e9s.<\/li>\n\n\n\n<li>Passat aquest temps afegim el caldo de verdures i les castanyes, i deixem bullir durant 15 minuts m\u00e9s a foc mitj\u00e0, o fins que tots els ingredients siguin cuits. Rectifiquem de sal si \u00e9s necessari.<\/li>\n\n\n\n<li>Per \u00faltim ho triturem tot molt b\u00e9, fins a obtenir una crema ben fina.<\/li>\n\n\n\n<li>A l\u2019hora de servir, decorem cada plat amb uns pinyons per sobre la crema.<\/li>\n<\/ol>\n","protected":false},"excerpt":{"rendered":"<p>Recepta de crema de carbassa i castanyes Recepta de tardor ideal per la castanyada. Ingredients per 8 persones Preparaci\u00f3<\/p>\n","protected":false},"author":2,"featured_media":945,"comment_status":"open","ping_status":"open","sticky":false,"template":"","format":"standard","meta":{"footnotes":""},"categories":[12],"tags":[76,189,191,90,190],"class_list":["post-944","post","type-post","status-publish","format-standard","has-post-thumbnail","hentry","category-receptes-facils","tag-carbassa","tag-castanya","tag-castanyada","tag-crema-2","tag-halloween"],"_links":{"self":[{"href":"https:\/\/getmybook.es\/ca\/wp-json\/wp\/v2\/posts\/944","targetHints":{"allow":["GET"]}}],"collection":[{"href":"https:\/\/getmybook.es\/ca\/wp-json\/wp\/v2\/posts"}],"about":[{"href":"https:\/\/getmybook.es\/ca\/wp-json\/wp\/v2\/types\/post"}],"author":[{"embeddable":true,"href":"https:\/\/getmybook.es\/ca\/wp-json\/wp\/v2\/users\/2"}],"replies":[{"embeddable":true,"href":"https:\/\/getmybook.es\/ca\/wp-json\/wp\/v2\/comments?post=944"}],"version-history":[{"count":2,"href":"https:\/\/getmybook.es\/ca\/wp-json\/wp\/v2\/posts\/944\/revisions"}],"predecessor-version":[{"id":1572,"href":"https:\/\/getmybook.es\/ca\/wp-json\/wp\/v2\/posts\/944\/revisions\/1572"}],"wp:featuredmedia":[{"embeddable":true,"href":"https:\/\/getmybook.es\/ca\/wp-json\/wp\/v2\/media\/945"}],"wp:attachment":[{"href":"https:\/\/getmybook.es\/ca\/wp-json\/wp\/v2\/media?parent=944"}],"wp:term":[{"taxonomy":"category","embeddable":true,"href":"https:\/\/getmybook.es\/ca\/wp-json\/wp\/v2\/categories?post=944"},{"taxonomy":"post_tag","embeddable":true,"href":"https:\/\/getmybook.es\/ca\/wp-json\/wp\/v2\/tags?post=944"}],"curies":[{"name":"wp","href":"https:\/\/api.w.org\/{rel}","templated":true}]}}