{"id":917,"date":"2025-08-10T00:08:37","date_gmt":"2025-08-09T22:08:37","guid":{"rendered":"https:\/\/getmybook.es\/?p=917"},"modified":"2025-09-17T22:30:19","modified_gmt":"2025-09-17T20:30:19","slug":"maduixes-amb-suc-de-taronja","status":"publish","type":"post","link":"https:\/\/getmybook.es\/ca\/blog\/maduixes-amb-suc-de-taronja\/","title":{"rendered":"Maduixes de la Vallalta amb suc de taronja"},"content":{"rendered":"\n<h2 class=\"wp-block-heading\"><span class=\"ez-toc-section\" id=\"Recepta_de_maduixes_de_la_Vallalta_amb_suc_de_taronja\"><\/span>Recepta de maduixes de la Vallalta amb suc de taronja<span class=\"ez-toc-section-end\"><\/span><\/h2>\n\n\n\n<p>Unes de les fruites m\u00e9s conegudes del la zona del Maresme s\u00f3n les seves famoses maduixes. Amb aquesta recepta volem donar-te-les a con\u00e8ixer i que puguis gaudir del seu arom\u00e0tic i agradable sabor.<\/p><div id=\"ez-toc-container\" class=\"ez-toc-v2_0_81 counter-hierarchy ez-toc-counter ez-toc-grey ez-toc-container-direction\">\n<div class=\"ez-toc-title-container\">\n<p class=\"ez-toc-title\" style=\"cursor:inherit\">Resum<\/p>\n<span class=\"ez-toc-title-toggle\"><a href=\"#\" class=\"ez-toc-pull-right ez-toc-btn ez-toc-btn-xs ez-toc-btn-default ez-toc-toggle\" aria-label=\"Toggle Table of Content\"><span class=\"ez-toc-js-icon-con\"><span class=\"\"><span class=\"eztoc-hide\" style=\"display:none;\">Toggle<\/span><span class=\"ez-toc-icon-toggle-span\"><svg style=\"fill: #999;color:#999\" xmlns=\"http:\/\/www.w3.org\/2000\/svg\" class=\"list-377408\" width=\"20px\" height=\"20px\" viewBox=\"0 0 24 24\" fill=\"none\"><path d=\"M6 6H4v2h2V6zm14 0H8v2h12V6zM4 11h2v2H4v-2zm16 0H8v2h12v-2zM4 16h2v2H4v-2zm16 0H8v2h12v-2z\" fill=\"currentColor\"><\/path><\/svg><svg style=\"fill: #999;color:#999\" class=\"arrow-unsorted-368013\" xmlns=\"http:\/\/www.w3.org\/2000\/svg\" width=\"10px\" height=\"10px\" viewBox=\"0 0 24 24\" version=\"1.2\" baseProfile=\"tiny\"><path d=\"M18.2 9.3l-6.2-6.3-6.2 6.3c-.2.2-.3.4-.3.7s.1.5.3.7c.2.2.4.3.7.3h11c.3 0 .5-.1.7-.3.2-.2.3-.5.3-.7s-.1-.5-.3-.7zM5.8 14.7l6.2 6.3 6.2-6.3c.2-.2.3-.5.3-.7s-.1-.5-.3-.7c-.2-.2-.4-.3-.7-.3h-11c-.3 0-.5.1-.7.3-.2.2-.3.5-.3.7s.1.5.3.7z\"\/><\/svg><\/span><\/span><\/span><\/a><\/span><\/div>\n<nav><ul class='ez-toc-list ez-toc-list-level-1 eztoc-toggle-hide-by-default' ><li class='ez-toc-page-1 ez-toc-heading-level-2'><a class=\"ez-toc-link ez-toc-heading-1\" href=\"https:\/\/getmybook.es\/ca\/blog\/maduixes-amb-suc-de-taronja\/#Recepta_de_maduixes_de_la_Vallalta_amb_suc_de_taronja\" >Recepta de maduixes de la Vallalta amb suc de taronja<\/a><ul class='ez-toc-list-level-3' ><li class='ez-toc-heading-level-3'><a class=\"ez-toc-link ez-toc-heading-2\" href=\"https:\/\/getmybook.es\/ca\/blog\/maduixes-amb-suc-de-taronja\/#Ingredients_per_4_persones\" >Ingredients per 4 persones<\/a><\/li><li class='ez-toc-page-1 ez-toc-heading-level-3'><a class=\"ez-toc-link ez-toc-heading-3\" href=\"https:\/\/getmybook.es\/ca\/blog\/maduixes-amb-suc-de-taronja\/#Elaboracio\" >Elaboraci\u00f3<\/a><\/li><\/ul><\/li><\/ul><\/nav><\/div>\n\n\n\n\n<h3 class=\"wp-block-heading\"><span class=\"ez-toc-section\" id=\"Ingredients_per_4_persones\"><\/span>Ingredients per 4 persones<span class=\"ez-toc-section-end\"><\/span><\/h3>\n\n\n\n<p>\u2022&nbsp;500g de maduixes o maduixots de la Vallalta<br>\u2022&nbsp;2 cullerades de sucre mor\u00e8<br>\u2022&nbsp;Suc de 5 taronges<\/p>\n\n\n\n<h3 class=\"wp-block-heading\"><span class=\"ez-toc-section\" id=\"Elaboracio\"><\/span>Elaboraci\u00f3<span class=\"ez-toc-section-end\"><\/span><\/h3>\n\n\n\n<p>1.&nbsp;Renta b\u00e9 les maduixes i retira el pedicle. Talla-les a trossets petits i posa-les en un bol.<br>2.&nbsp;A continuaci\u00f3 afegeix el sucre mor\u00e8 i el suc de taronja, remena-ho b\u00e9 i deixa-ho macerar un parell d\u2019hores a la nevera abans de servir<\/p>\n","protected":false},"excerpt":{"rendered":"<p>Recepta de maduixes de la Vallalta amb suc de taronja Unes de les fruites m\u00e9s conegudes del la zona del Maresme s\u00f3n les seves famoses maduixes. Amb aquesta recepta volem donar-te-les a con\u00e8ixer i que puguis gaudir del seu arom\u00e0tic i agradable sabor. Ingredients per 4 persones \u2022&nbsp;500g de maduixes o maduixots de la Vallalta\u2022&nbsp;2 &#8230; <a title=\"Maduixes de la Vallalta amb suc de taronja\" class=\"read-more\" href=\"https:\/\/getmybook.es\/ca\/blog\/maduixes-amb-suc-de-taronja\/\" aria-label=\"M\u00e9s informaci\u00f3 sobre Maduixes de la Vallalta amb suc de taronja\">Llegiu m\u00e9s<\/a><\/p>\n","protected":false},"author":2,"featured_media":0,"comment_status":"open","ping_status":"open","sticky":false,"template":"","format":"standard","meta":{"footnotes":""},"categories":[12],"tags":[177,178],"class_list":["post-917","post","type-post","status-publish","format-standard","hentry","category-receptes-facils","tag-maduixes","tag-taronja"],"_links":{"self":[{"href":"https:\/\/getmybook.es\/ca\/wp-json\/wp\/v2\/posts\/917","targetHints":{"allow":["GET"]}}],"collection":[{"href":"https:\/\/getmybook.es\/ca\/wp-json\/wp\/v2\/posts"}],"about":[{"href":"https:\/\/getmybook.es\/ca\/wp-json\/wp\/v2\/types\/post"}],"author":[{"embeddable":true,"href":"https:\/\/getmybook.es\/ca\/wp-json\/wp\/v2\/users\/2"}],"replies":[{"embeddable":true,"href":"https:\/\/getmybook.es\/ca\/wp-json\/wp\/v2\/comments?post=917"}],"version-history":[{"count":2,"href":"https:\/\/getmybook.es\/ca\/wp-json\/wp\/v2\/posts\/917\/revisions"}],"predecessor-version":[{"id":1607,"href":"https:\/\/getmybook.es\/ca\/wp-json\/wp\/v2\/posts\/917\/revisions\/1607"}],"wp:attachment":[{"href":"https:\/\/getmybook.es\/ca\/wp-json\/wp\/v2\/media?parent=917"}],"wp:term":[{"taxonomy":"category","embeddable":true,"href":"https:\/\/getmybook.es\/ca\/wp-json\/wp\/v2\/categories?post=917"},{"taxonomy":"post_tag","embeddable":true,"href":"https:\/\/getmybook.es\/ca\/wp-json\/wp\/v2\/tags?post=917"}],"curies":[{"name":"wp","href":"https:\/\/api.w.org\/{rel}","templated":true}]}}