{"id":842,"date":"2025-08-09T00:25:08","date_gmt":"2025-08-08T22:25:08","guid":{"rendered":"https:\/\/getmybook.es\/?p=842"},"modified":"2025-09-22T12:18:49","modified_gmt":"2025-09-22T10:18:49","slug":"amanida-de-favetes-amb-mostassa","status":"publish","type":"post","link":"https:\/\/getmybook.es\/ca\/blog\/amanida-de-favetes-amb-mostassa\/","title":{"rendered":"Amanida de favetes amb vinagreta de mostassa"},"content":{"rendered":"\n<h2 class=\"wp-block-heading\"><span class=\"ez-toc-section\" id=\"Recepta_damanida_de_favetes_amb_vinagreta_de_mostassa\"><\/span>Recepta d&#8217;amanida de favetes amb vinagreta de mostassa<span class=\"ez-toc-section-end\"><\/span><\/h2>\n\n\n\n<p>L&#8217;estiu convida a triar plats senzills, r\u00e0pids, lleugers i refrescants. Amb la recepta d&#8217;avui intentarem complir tots aquests requisits.<\/p><div id=\"ez-toc-container\" class=\"ez-toc-v2_0_81 counter-hierarchy ez-toc-counter ez-toc-grey ez-toc-container-direction\">\n<div class=\"ez-toc-title-container\">\n<p class=\"ez-toc-title\" style=\"cursor:inherit\">Resum<\/p>\n<span class=\"ez-toc-title-toggle\"><a href=\"#\" class=\"ez-toc-pull-right ez-toc-btn ez-toc-btn-xs ez-toc-btn-default ez-toc-toggle\" aria-label=\"Toggle Table of Content\"><span class=\"ez-toc-js-icon-con\"><span class=\"\"><span class=\"eztoc-hide\" style=\"display:none;\">Toggle<\/span><span class=\"ez-toc-icon-toggle-span\"><svg style=\"fill: #999;color:#999\" xmlns=\"http:\/\/www.w3.org\/2000\/svg\" class=\"list-377408\" width=\"20px\" height=\"20px\" viewBox=\"0 0 24 24\" fill=\"none\"><path d=\"M6 6H4v2h2V6zm14 0H8v2h12V6zM4 11h2v2H4v-2zm16 0H8v2h12v-2zM4 16h2v2H4v-2zm16 0H8v2h12v-2z\" fill=\"currentColor\"><\/path><\/svg><svg style=\"fill: #999;color:#999\" class=\"arrow-unsorted-368013\" xmlns=\"http:\/\/www.w3.org\/2000\/svg\" width=\"10px\" height=\"10px\" viewBox=\"0 0 24 24\" version=\"1.2\" baseProfile=\"tiny\"><path d=\"M18.2 9.3l-6.2-6.3-6.2 6.3c-.2.2-.3.4-.3.7s.1.5.3.7c.2.2.4.3.7.3h11c.3 0 .5-.1.7-.3.2-.2.3-.5.3-.7s-.1-.5-.3-.7zM5.8 14.7l6.2 6.3 6.2-6.3c.2-.2.3-.5.3-.7s-.1-.5-.3-.7c-.2-.2-.4-.3-.7-.3h-11c-.3 0-.5.1-.7.3-.2.2-.3.5-.3.7s.1.5.3.7z\"\/><\/svg><\/span><\/span><\/span><\/a><\/span><\/div>\n<nav><ul class='ez-toc-list ez-toc-list-level-1 eztoc-toggle-hide-by-default' ><li class='ez-toc-page-1 ez-toc-heading-level-2'><a class=\"ez-toc-link ez-toc-heading-1\" href=\"https:\/\/getmybook.es\/ca\/blog\/amanida-de-favetes-amb-mostassa\/#Recepta_damanida_de_favetes_amb_vinagreta_de_mostassa\" >Recepta d&#8217;amanida de favetes amb vinagreta de mostassa<\/a><ul class='ez-toc-list-level-3' ><li class='ez-toc-heading-level-3'><a class=\"ez-toc-link ez-toc-heading-2\" href=\"https:\/\/getmybook.es\/ca\/blog\/amanida-de-favetes-amb-mostassa\/#Ingredients_per_a_4_persones\" >Ingredients per a 4 persones<\/a><\/li><li class='ez-toc-page-1 ez-toc-heading-level-3'><a class=\"ez-toc-link ez-toc-heading-3\" href=\"https:\/\/getmybook.es\/ca\/blog\/amanida-de-favetes-amb-mostassa\/#Elaboracio\" >Elaboraci\u00f3<\/a><\/li><\/ul><\/li><\/ul><\/nav><\/div>\n\n\n\n\n<h3 class=\"wp-block-heading\"><span class=\"ez-toc-section\" id=\"Ingredients_per_a_4_persones\"><\/span>Ingredients per a 4 persones<span class=\"ez-toc-section-end\"><\/span><\/h3>\n\n\n\n<ul class=\"wp-block-list\">\n<li>1 paquet de Brots tendres<\/li>\n\n\n\n<li>200g de favetes congelades<\/li>\n\n\n\n<li>2 tom\u00e0quets cor de bou o de montserrat<\/li>\n\n\n\n<li>50g d&#8217;encenalls o daus de Pernil ib\u00e8ric<\/li>\n\n\n\n<li>Mostassa<\/li>\n\n\n\n<li>Oli d&#8217;oliva verge<\/li>\n\n\n\n<li>Vinagre de m\u00f2dena<\/li>\n\n\n\n<li>Menta fresca<\/li>\n<\/ul>\n\n\n\n<h3 class=\"wp-block-heading\"><span class=\"ez-toc-section\" id=\"Elaboracio\"><\/span>Elaboraci\u00f3<span class=\"ez-toc-section-end\"><\/span><\/h3>\n\n\n\n<ol class=\"wp-block-list\">\n<li>Bull les favetes amb unes fulles de menta. Esc\u00f3rre-les b\u00e9 i deixa refredar<\/li>\n\n\n\n<li>Neteja i talla a dauets els tom\u00e0quets i barreja&#8217;ls amb els brots tendres, les favetes fredes, els encenalls de pernil i unes fulles de menta picades, i reserva a la nevera fins el moment de servir<\/li>\n\n\n\n<li>Per la vinagreta emulsiona una cullerada de postres de mostassa amb 3-4 cullerades soperes d&#8217;oli d&#8217;oliva i una cullerada de caf\u00e8 de vinagre de m\u00f2dena (no ho salarem donat que la mostassa ja porta sal i el pernil tamb\u00e9)<\/li>\n\n\n\n<li>Serveix l&#8217;amanida ben freda i amaneix en el moment de servir<\/li>\n<\/ol>\n","protected":false},"excerpt":{"rendered":"<p>Recepta d&#8217;amanida de favetes amb vinagreta de mostassa L&#8217;estiu convida a triar plats senzills, r\u00e0pids, lleugers i refrescants. Amb la recepta d&#8217;avui intentarem complir tots aquests requisits. Ingredients per a 4 persones Elaboraci\u00f3<\/p>\n","protected":false},"author":2,"featured_media":843,"comment_status":"open","ping_status":"open","sticky":false,"template":"","format":"standard","meta":{"footnotes":""},"categories":[12,4],"tags":[19,153],"class_list":["post-842","post","type-post","status-publish","format-standard","has-post-thumbnail","hentry","category-receptes-facils","category-recetas-faciles","tag-amanida","tag-favetes"],"_links":{"self":[{"href":"https:\/\/getmybook.es\/ca\/wp-json\/wp\/v2\/posts\/842","targetHints":{"allow":["GET"]}}],"collection":[{"href":"https:\/\/getmybook.es\/ca\/wp-json\/wp\/v2\/posts"}],"about":[{"href":"https:\/\/getmybook.es\/ca\/wp-json\/wp\/v2\/types\/post"}],"author":[{"embeddable":true,"href":"https:\/\/getmybook.es\/ca\/wp-json\/wp\/v2\/users\/2"}],"replies":[{"embeddable":true,"href":"https:\/\/getmybook.es\/ca\/wp-json\/wp\/v2\/comments?post=842"}],"version-history":[{"count":3,"href":"https:\/\/getmybook.es\/ca\/wp-json\/wp\/v2\/posts\/842\/revisions"}],"predecessor-version":[{"id":1505,"href":"https:\/\/getmybook.es\/ca\/wp-json\/wp\/v2\/posts\/842\/revisions\/1505"}],"wp:featuredmedia":[{"embeddable":true,"href":"https:\/\/getmybook.es\/ca\/wp-json\/wp\/v2\/media\/843"}],"wp:attachment":[{"href":"https:\/\/getmybook.es\/ca\/wp-json\/wp\/v2\/media?parent=842"}],"wp:term":[{"taxonomy":"category","embeddable":true,"href":"https:\/\/getmybook.es\/ca\/wp-json\/wp\/v2\/categories?post=842"},{"taxonomy":"post_tag","embeddable":true,"href":"https:\/\/getmybook.es\/ca\/wp-json\/wp\/v2\/tags?post=842"}],"curies":[{"name":"wp","href":"https:\/\/api.w.org\/{rel}","templated":true}]}}