{"id":831,"date":"2025-08-09T00:04:01","date_gmt":"2025-08-08T22:04:01","guid":{"rendered":"https:\/\/getmybook.es\/?p=831"},"modified":"2025-09-17T19:42:41","modified_gmt":"2025-09-17T17:42:41","slug":"bacalla-amb-bolets-de-temporada","status":"publish","type":"post","link":"https:\/\/getmybook.es\/ca\/blog\/bacalla-amb-bolets-de-temporada\/","title":{"rendered":"Bacall\u00e0 amb bolets de temporada"},"content":{"rendered":"\n<h2 class=\"wp-block-heading\"><span class=\"ez-toc-section\" id=\"Recepta_de_bacalla_amb_bolets_de_temporada\"><\/span>Recepta de bacall\u00e0 amb bolets de temporada<span class=\"ez-toc-section-end\"><\/span><\/h2>\n\n\n\n<p>El bacall\u00e0 amb bolets \u00e9s un plat delici\u00f3s i f\u00e0cil de fer, ideal per a qualsevol ocasi\u00f3. Perqu\u00e8 sigui un \u00e8xit haurem de triar els bolets adequats i cuinar el peix amb compte per evitar que es trenqui.<\/p><div id=\"ez-toc-container\" class=\"ez-toc-v2_0_81 counter-hierarchy ez-toc-counter ez-toc-grey ez-toc-container-direction\">\n<div class=\"ez-toc-title-container\">\n<p class=\"ez-toc-title\" style=\"cursor:inherit\">Resum<\/p>\n<span class=\"ez-toc-title-toggle\"><a href=\"#\" class=\"ez-toc-pull-right ez-toc-btn ez-toc-btn-xs ez-toc-btn-default ez-toc-toggle\" aria-label=\"Toggle Table of Content\"><span class=\"ez-toc-js-icon-con\"><span class=\"\"><span class=\"eztoc-hide\" style=\"display:none;\">Toggle<\/span><span class=\"ez-toc-icon-toggle-span\"><svg style=\"fill: #999;color:#999\" xmlns=\"http:\/\/www.w3.org\/2000\/svg\" class=\"list-377408\" width=\"20px\" height=\"20px\" viewBox=\"0 0 24 24\" fill=\"none\"><path d=\"M6 6H4v2h2V6zm14 0H8v2h12V6zM4 11h2v2H4v-2zm16 0H8v2h12v-2zM4 16h2v2H4v-2zm16 0H8v2h12v-2z\" fill=\"currentColor\"><\/path><\/svg><svg style=\"fill: #999;color:#999\" class=\"arrow-unsorted-368013\" xmlns=\"http:\/\/www.w3.org\/2000\/svg\" width=\"10px\" height=\"10px\" viewBox=\"0 0 24 24\" version=\"1.2\" baseProfile=\"tiny\"><path d=\"M18.2 9.3l-6.2-6.3-6.2 6.3c-.2.2-.3.4-.3.7s.1.5.3.7c.2.2.4.3.7.3h11c.3 0 .5-.1.7-.3.2-.2.3-.5.3-.7s-.1-.5-.3-.7zM5.8 14.7l6.2 6.3 6.2-6.3c.2-.2.3-.5.3-.7s-.1-.5-.3-.7c-.2-.2-.4-.3-.7-.3h-11c-.3 0-.5.1-.7.3-.2.2-.3.5-.3.7s.1.5.3.7z\"\/><\/svg><\/span><\/span><\/span><\/a><\/span><\/div>\n<nav><ul class='ez-toc-list ez-toc-list-level-1 eztoc-toggle-hide-by-default' ><li class='ez-toc-page-1 ez-toc-heading-level-2'><a class=\"ez-toc-link ez-toc-heading-1\" href=\"https:\/\/getmybook.es\/ca\/blog\/bacalla-amb-bolets-de-temporada\/#Recepta_de_bacalla_amb_bolets_de_temporada\" >Recepta de bacall\u00e0 amb bolets de temporada<\/a><ul class='ez-toc-list-level-3' ><li class='ez-toc-heading-level-3'><a class=\"ez-toc-link ez-toc-heading-2\" href=\"https:\/\/getmybook.es\/ca\/blog\/bacalla-amb-bolets-de-temporada\/#Ingredients_per_a_4_persones\" >Ingredients per a 4 persones<\/a><\/li><li class='ez-toc-page-1 ez-toc-heading-level-3'><a class=\"ez-toc-link ez-toc-heading-3\" href=\"https:\/\/getmybook.es\/ca\/blog\/bacalla-amb-bolets-de-temporada\/#Preparacio_de_la_recepta_de_bacalla_amb_bolets\" >Preparaci\u00f3 de la recepta de bacall\u00e0 amb bolets<\/a><\/li><\/ul><\/li><\/ul><\/nav><\/div>\n\n\n\n\n<h3 class=\"wp-block-heading\"><span class=\"ez-toc-section\" id=\"Ingredients_per_a_4_persones\"><\/span>Ingredients per a 4 persones<span class=\"ez-toc-section-end\"><\/span><\/h3>\n\n\n\n<ul class=\"wp-block-list\">\n<li>4 lloms de bacall\u00e0 fresc<\/li>\n\n\n\n<li>300 g de barreja de bolets de temporada<\/li>\n\n\n\n<li>3 tom\u00e0quets<\/li>\n\n\n\n<li>2 cebes<\/li>\n\n\n\n<li>1 got de vi blanc<\/li>\n\n\n\n<li>Alls, pebre i julivert<\/li>\n<\/ul>\n\n\n\n<h3 class=\"wp-block-heading\"><span class=\"ez-toc-section\" id=\"Preparacio_de_la_recepta_de_bacalla_amb_bolets\"><\/span>Preparaci\u00f3 de la recepta de bacall\u00e0 amb bolets<span class=\"ez-toc-section-end\"><\/span><\/h3>\n\n\n\n<ol class=\"wp-block-list\">\n<li>Rentar i tallar les hortalisses (ceba i tom\u00e0quet) en porcions petites.<\/li>\n\n\n\n<li>Posar-les en una cassola amb el vi blanc; afegir-hi els alls, el pebre i el julivert, i deixar-ho coure tot junt uns 25 minuts.<\/li>\n\n\n\n<li>Despr\u00e9s abocar-hi els bolets i sofregir-ho tot un mica.<\/li>\n\n\n\n<li>Per \u00faltim afegir-hi els lloms de bacall\u00e0 i deixar-ho coure una mica m\u00e9s, hem de tenir en compte que el bacall\u00e0 \u00e9s un peix que necesita poc temps de cocci\u00f3 perqu\u00e8 quedi tendre.<\/li>\n<\/ol>\n","protected":false},"excerpt":{"rendered":"<p>Recepta de bacall\u00e0 amb bolets de temporada El bacall\u00e0 amb bolets \u00e9s un plat delici\u00f3s i f\u00e0cil de fer, ideal per a qualsevol ocasi\u00f3. Perqu\u00e8 sigui un \u00e8xit haurem de triar els bolets adequats i cuinar el peix amb compte per evitar que es trenqui. Ingredients per a 4 persones Preparaci\u00f3 de la recepta de &#8230; <a title=\"Bacall\u00e0 amb bolets de temporada\" class=\"read-more\" href=\"https:\/\/getmybook.es\/ca\/blog\/bacalla-amb-bolets-de-temporada\/\" aria-label=\"M\u00e9s informaci\u00f3 sobre Bacall\u00e0 amb bolets de temporada\">Llegiu m\u00e9s<\/a><\/p>\n","protected":false},"author":2,"featured_media":0,"comment_status":"open","ping_status":"open","sticky":false,"template":"","format":"standard","meta":{"footnotes":""},"categories":[12],"tags":[125,138],"class_list":["post-831","post","type-post","status-publish","format-standard","hentry","category-receptes-facils","tag-bacalla","tag-bolets-2"],"_links":{"self":[{"href":"https:\/\/getmybook.es\/ca\/wp-json\/wp\/v2\/posts\/831","targetHints":{"allow":["GET"]}}],"collection":[{"href":"https:\/\/getmybook.es\/ca\/wp-json\/wp\/v2\/posts"}],"about":[{"href":"https:\/\/getmybook.es\/ca\/wp-json\/wp\/v2\/types\/post"}],"author":[{"embeddable":true,"href":"https:\/\/getmybook.es\/ca\/wp-json\/wp\/v2\/users\/2"}],"replies":[{"embeddable":true,"href":"https:\/\/getmybook.es\/ca\/wp-json\/wp\/v2\/comments?post=831"}],"version-history":[{"count":3,"href":"https:\/\/getmybook.es\/ca\/wp-json\/wp\/v2\/posts\/831\/revisions"}],"predecessor-version":[{"id":1527,"href":"https:\/\/getmybook.es\/ca\/wp-json\/wp\/v2\/posts\/831\/revisions\/1527"}],"wp:attachment":[{"href":"https:\/\/getmybook.es\/ca\/wp-json\/wp\/v2\/media?parent=831"}],"wp:term":[{"taxonomy":"category","embeddable":true,"href":"https:\/\/getmybook.es\/ca\/wp-json\/wp\/v2\/categories?post=831"},{"taxonomy":"post_tag","embeddable":true,"href":"https:\/\/getmybook.es\/ca\/wp-json\/wp\/v2\/tags?post=831"}],"curies":[{"name":"wp","href":"https:\/\/api.w.org\/{rel}","templated":true}]}}