{"id":73,"date":"2025-07-31T21:51:39","date_gmt":"2025-07-31T19:51:39","guid":{"rendered":"https:\/\/getmybook.es\/?p=73"},"modified":"2025-09-22T10:56:11","modified_gmt":"2025-09-22T08:56:11","slug":"recepta-de-pastis-de-poma-sense-gluten","status":"publish","type":"post","link":"https:\/\/getmybook.es\/ca\/blog\/recepta-de-pastis-de-poma-sense-gluten\/","title":{"rendered":"Past\u00eds de poma sense gluten"},"content":{"rendered":"\n<h2 class=\"wp-block-heading\"><span class=\"ez-toc-section\" id=\"Recepta_de_pastis_de_poma_sense_gluten\"><\/span>Recepta de past\u00eds de poma sense gluten<span class=\"ez-toc-section-end\"><\/span><\/h2><div id=\"ez-toc-container\" class=\"ez-toc-v2_0_81 counter-hierarchy ez-toc-counter ez-toc-grey ez-toc-container-direction\">\n<div class=\"ez-toc-title-container\">\n<p class=\"ez-toc-title\" style=\"cursor:inherit\">Resum<\/p>\n<span class=\"ez-toc-title-toggle\"><a href=\"#\" class=\"ez-toc-pull-right ez-toc-btn ez-toc-btn-xs ez-toc-btn-default ez-toc-toggle\" aria-label=\"Toggle Table of Content\"><span class=\"ez-toc-js-icon-con\"><span class=\"\"><span class=\"eztoc-hide\" style=\"display:none;\">Toggle<\/span><span class=\"ez-toc-icon-toggle-span\"><svg style=\"fill: #999;color:#999\" xmlns=\"http:\/\/www.w3.org\/2000\/svg\" class=\"list-377408\" width=\"20px\" height=\"20px\" viewBox=\"0 0 24 24\" fill=\"none\"><path d=\"M6 6H4v2h2V6zm14 0H8v2h12V6zM4 11h2v2H4v-2zm16 0H8v2h12v-2zM4 16h2v2H4v-2zm16 0H8v2h12v-2z\" fill=\"currentColor\"><\/path><\/svg><svg style=\"fill: #999;color:#999\" class=\"arrow-unsorted-368013\" xmlns=\"http:\/\/www.w3.org\/2000\/svg\" width=\"10px\" height=\"10px\" viewBox=\"0 0 24 24\" version=\"1.2\" baseProfile=\"tiny\"><path d=\"M18.2 9.3l-6.2-6.3-6.2 6.3c-.2.2-.3.4-.3.7s.1.5.3.7c.2.2.4.3.7.3h11c.3 0 .5-.1.7-.3.2-.2.3-.5.3-.7s-.1-.5-.3-.7zM5.8 14.7l6.2 6.3 6.2-6.3c.2-.2.3-.5.3-.7s-.1-.5-.3-.7c-.2-.2-.4-.3-.7-.3h-11c-.3 0-.5.1-.7.3-.2.2-.3.5-.3.7s.1.5.3.7z\"\/><\/svg><\/span><\/span><\/span><\/a><\/span><\/div>\n<nav><ul class='ez-toc-list ez-toc-list-level-1 eztoc-toggle-hide-by-default' ><li class='ez-toc-page-1 ez-toc-heading-level-2'><a class=\"ez-toc-link ez-toc-heading-1\" href=\"https:\/\/getmybook.es\/ca\/blog\/recepta-de-pastis-de-poma-sense-gluten\/#Recepta_de_pastis_de_poma_sense_gluten\" >Recepta de past\u00eds de poma sense gluten<\/a><ul class='ez-toc-list-level-3' ><li class='ez-toc-heading-level-3'><a class=\"ez-toc-link ez-toc-heading-2\" href=\"https:\/\/getmybook.es\/ca\/blog\/recepta-de-pastis-de-poma-sense-gluten\/#Ingredients_per_a_8_racions\" >Ingredients per a 8 racions<\/a><\/li><li class='ez-toc-page-1 ez-toc-heading-level-3'><a class=\"ez-toc-link ez-toc-heading-3\" href=\"https:\/\/getmybook.es\/ca\/blog\/recepta-de-pastis-de-poma-sense-gluten\/#Preparacio_de_la_recepta_de_pastis_de_poma_sense_gluten\" >Preparaci\u00f3 de la recepta de past\u00eds de poma sense gluten<\/a><\/li><\/ul><\/li><\/ul><\/nav><\/div>\n\n\n\n\n<p>Et presentem una recepta cl\u00e0ssica adaptada a les persones cel\u00edaques que no poden menjar gluten.<\/p>\n\n\n\n<h3 class=\"wp-block-heading\"><span class=\"ez-toc-section\" id=\"Ingredients_per_a_8_racions\"><\/span>Ingredients per a 8 racions<span class=\"ez-toc-section-end\"><\/span><\/h3>\n\n\n\n<ul class=\"wp-block-list\">\n<li>250 g de farina d&#8217;arr\u00f2s<\/li>\n\n\n\n<li>10 g de llevat qu\u00edmic<\/li>\n\n\n\n<li>125 g de sucre<\/li>\n\n\n\n<li>1 iogurt sencer<\/li>\n\n\n\n<li>125 g d&#8217;oli d&#8217;oliva<\/li>\n\n\n\n<li>2 ous<\/li>\n\n\n\n<li>2 pomes<\/li>\n\n\n\n<li>Canyella en pols<\/li>\n\n\n\n<li>1 pessic de sal<\/li>\n<\/ul>\n\n\n\n<h3 class=\"wp-block-heading\"><span class=\"ez-toc-section\" id=\"Preparacio_de_la_recepta_de_pastis_de_poma_sense_gluten\"><\/span>Preparaci\u00f3 de la recepta de past\u00eds de poma sense gluten<span class=\"ez-toc-section-end\"><\/span><\/h3>\n\n\n\n<p>1- Preescalfa el forn a 180 \u00ba C a dalt i a baix<br>2- Prepara un motlle desmuntable de 24 cm: cobreix la base amb un paper de forn i pinta\u2019l amb oli<br>3- Renta les pomes i pela. 1 talla-la en llesques fines, i l&#8217;altra talla-la a daus<br>4- Tamisa la farina amb el llevat i reserva<br>5- En un bol barreja el iogurt, el sucre i els ous<br>6- Incorpora-hi l&#8217;oli<br>7- Quan estigui tot ben integrat, afegeix la farina amb el llevat reservada i barreja-ho<br>8- Finalment incorpora el pessic de sal i els daus de poma i barreja-ho<br>9- Aboca la barreja en el motlle i distribueix les l\u00e0mines de poma per sobre<br>10- Espolsa-hi canyella al gust<br>11- Forneja durant 35-45 minuts<\/p>\n","protected":false},"excerpt":{"rendered":"<p>Recepta de past\u00eds de poma sense gluten Et presentem una recepta cl\u00e0ssica adaptada a les persones cel\u00edaques que no poden menjar gluten. Ingredients per a 8 racions Preparaci\u00f3 de la recepta de past\u00eds de poma sense gluten 1- Preescalfa el forn a 180 \u00ba C a dalt i a baix2- Prepara un motlle desmuntable de &#8230; <a title=\"Past\u00eds de poma sense gluten\" class=\"read-more\" href=\"https:\/\/getmybook.es\/ca\/blog\/recepta-de-pastis-de-poma-sense-gluten\/\" aria-label=\"M\u00e9s informaci\u00f3 sobre Past\u00eds de poma sense gluten\">Llegiu m\u00e9s<\/a><\/p>\n","protected":false},"author":2,"featured_media":69,"comment_status":"open","ping_status":"open","sticky":false,"template":"","format":"standard","meta":{"footnotes":""},"categories":[12],"tags":[],"class_list":["post-73","post","type-post","status-publish","format-standard","has-post-thumbnail","hentry","category-receptes-facils"],"_links":{"self":[{"href":"https:\/\/getmybook.es\/ca\/wp-json\/wp\/v2\/posts\/73","targetHints":{"allow":["GET"]}}],"collection":[{"href":"https:\/\/getmybook.es\/ca\/wp-json\/wp\/v2\/posts"}],"about":[{"href":"https:\/\/getmybook.es\/ca\/wp-json\/wp\/v2\/types\/post"}],"author":[{"embeddable":true,"href":"https:\/\/getmybook.es\/ca\/wp-json\/wp\/v2\/users\/2"}],"replies":[{"embeddable":true,"href":"https:\/\/getmybook.es\/ca\/wp-json\/wp\/v2\/comments?post=73"}],"version-history":[{"count":3,"href":"https:\/\/getmybook.es\/ca\/wp-json\/wp\/v2\/posts\/73\/revisions"}],"predecessor-version":[{"id":1543,"href":"https:\/\/getmybook.es\/ca\/wp-json\/wp\/v2\/posts\/73\/revisions\/1543"}],"wp:featuredmedia":[{"embeddable":true,"href":"https:\/\/getmybook.es\/ca\/wp-json\/wp\/v2\/media\/69"}],"wp:attachment":[{"href":"https:\/\/getmybook.es\/ca\/wp-json\/wp\/v2\/media?parent=73"}],"wp:term":[{"taxonomy":"category","embeddable":true,"href":"https:\/\/getmybook.es\/ca\/wp-json\/wp\/v2\/categories?post=73"},{"taxonomy":"post_tag","embeddable":true,"href":"https:\/\/getmybook.es\/ca\/wp-json\/wp\/v2\/tags?post=73"}],"curies":[{"name":"wp","href":"https:\/\/api.w.org\/{rel}","templated":true}]}}