{"id":684,"date":"2025-08-06T00:24:35","date_gmt":"2025-08-05T22:24:35","guid":{"rendered":"https:\/\/getmybook.es\/?p=684"},"modified":"2025-09-20T00:30:25","modified_gmt":"2025-09-19T22:30:25","slug":"sopa-de-pa-i-all","status":"publish","type":"post","link":"https:\/\/getmybook.es\/ca\/blog\/sopa-de-pa-i-all\/","title":{"rendered":"Sopa de pa i all"},"content":{"rendered":"\n<h2 class=\"wp-block-heading\"><span class=\"ez-toc-section\" id=\"Recepta_de_sopa_de_pa_i_all\"><\/span>Recepta de sopa de pa i all<span class=\"ez-toc-section-end\"><\/span><\/h2>\n\n\n\n<p>Recepta tradicional on, com totes les tradicions, cada casa t\u00e9 la seva versi\u00f3. Aquesta recepta tan senzilla us portar\u00e0 molt bons records d\u2019inf\u00e0ncia.<\/p><div id=\"ez-toc-container\" class=\"ez-toc-v2_0_81 counter-hierarchy ez-toc-counter ez-toc-grey ez-toc-container-direction\">\n<div class=\"ez-toc-title-container\">\n<p class=\"ez-toc-title\" style=\"cursor:inherit\">Resum<\/p>\n<span class=\"ez-toc-title-toggle\"><a href=\"#\" class=\"ez-toc-pull-right ez-toc-btn ez-toc-btn-xs ez-toc-btn-default ez-toc-toggle\" aria-label=\"Toggle Table of Content\"><span class=\"ez-toc-js-icon-con\"><span class=\"\"><span class=\"eztoc-hide\" style=\"display:none;\">Toggle<\/span><span class=\"ez-toc-icon-toggle-span\"><svg style=\"fill: #999;color:#999\" xmlns=\"http:\/\/www.w3.org\/2000\/svg\" class=\"list-377408\" width=\"20px\" height=\"20px\" viewBox=\"0 0 24 24\" fill=\"none\"><path d=\"M6 6H4v2h2V6zm14 0H8v2h12V6zM4 11h2v2H4v-2zm16 0H8v2h12v-2zM4 16h2v2H4v-2zm16 0H8v2h12v-2z\" fill=\"currentColor\"><\/path><\/svg><svg style=\"fill: #999;color:#999\" class=\"arrow-unsorted-368013\" xmlns=\"http:\/\/www.w3.org\/2000\/svg\" width=\"10px\" height=\"10px\" viewBox=\"0 0 24 24\" version=\"1.2\" baseProfile=\"tiny\"><path d=\"M18.2 9.3l-6.2-6.3-6.2 6.3c-.2.2-.3.4-.3.7s.1.5.3.7c.2.2.4.3.7.3h11c.3 0 .5-.1.7-.3.2-.2.3-.5.3-.7s-.1-.5-.3-.7zM5.8 14.7l6.2 6.3 6.2-6.3c.2-.2.3-.5.3-.7s-.1-.5-.3-.7c-.2-.2-.4-.3-.7-.3h-11c-.3 0-.5.1-.7.3-.2.2-.3.5-.3.7s.1.5.3.7z\"\/><\/svg><\/span><\/span><\/span><\/a><\/span><\/div>\n<nav><ul class='ez-toc-list ez-toc-list-level-1 eztoc-toggle-hide-by-default' ><li class='ez-toc-page-1 ez-toc-heading-level-2'><a class=\"ez-toc-link ez-toc-heading-1\" href=\"https:\/\/getmybook.es\/ca\/blog\/sopa-de-pa-i-all\/#Recepta_de_sopa_de_pa_i_all\" >Recepta de sopa de pa i all<\/a><ul class='ez-toc-list-level-3' ><li class='ez-toc-heading-level-3'><a class=\"ez-toc-link ez-toc-heading-2\" href=\"https:\/\/getmybook.es\/ca\/blog\/sopa-de-pa-i-all\/#Ingredients_per_a_4_persones\" >Ingredients per a 4 persones<\/a><\/li><li class='ez-toc-page-1 ez-toc-heading-level-3'><a class=\"ez-toc-link ez-toc-heading-3\" href=\"https:\/\/getmybook.es\/ca\/blog\/sopa-de-pa-i-all\/#Elaboracio\" >Elaboraci\u00f3<\/a><\/li><\/ul><\/li><\/ul><\/nav><\/div>\n\n\n\n\n<h3 class=\"wp-block-heading\"><span class=\"ez-toc-section\" id=\"Ingredients_per_a_4_persones\"><\/span>Ingredients per a 4 persones<span class=\"ez-toc-section-end\"><\/span><\/h3>\n\n\n\n<ul class=\"wp-block-list\">\n<li>1 barra de pa de quart seca<\/li>\n\n\n\n<li>6 grans d\u2019 All<\/li>\n\n\n\n<li>800 ml de Brou vegetal o aigua<\/li>\n\n\n\n<li>2 c\/s d\u2019Oli d\u2019oliva<\/li>\n\n\n\n<li>Sal<\/li>\n\n\n\n<li>1 c\/p de pebre vermell<\/li>\n\n\n\n<li>4 branquetes de farigola<br><\/li>\n<\/ul>\n\n\n\n<h3 class=\"wp-block-heading\"><span class=\"ez-toc-section\" id=\"Elaboracio\"><\/span>Elaboraci\u00f3<br><span class=\"ez-toc-section-end\"><\/span><\/h3>\n\n\n\n<ol class=\"wp-block-list\">\n<li>En una paella amb una mica d\u2019oli cou els alls pelats fins que agafin una mica de color<\/li>\n\n\n\n<li>En una cassola posa el brou a escalfar i afegeix el pa sec a trossos (millor que el pa estigui fet a llesques abans d\u2019assecar-se)<\/li>\n\n\n\n<li>Quan els alls estiguin fets, deixa refredar una mica i incorpora\u2019ls a la cassola del pa.<\/li>\n\n\n\n<li>Afegeix el pebre vermell, rectifica de sal i deixa coure 20 minuts.<\/li>\n\n\n\n<li>Retira del foc i passa tot el contingut per la batedora fins que quedi una crema ben fina (compte de no cremar-te).<\/li>\n\n\n\n<li>Serveix en cassoletes de fang individuals amb una branca de farigola ben neta al mig.<br><\/li>\n<\/ol>\n\n\n\n<p>NOTA: Tamb\u00e9 pots passar el contingut pel batedor manual si desitges notar trossos de pa.<\/p>\n","protected":false},"excerpt":{"rendered":"<p>Recepta de sopa de pa i all Recepta tradicional on, com totes les tradicions, cada casa t\u00e9 la seva versi\u00f3. Aquesta recepta tan senzilla us portar\u00e0 molt bons records d\u2019inf\u00e0ncia. Ingredients per a 4 persones Elaboraci\u00f3 NOTA: Tamb\u00e9 pots passar el contingut pel batedor manual si desitges notar trossos de pa.<\/p>\n","protected":false},"author":2,"featured_media":0,"comment_status":"open","ping_status":"open","sticky":false,"template":"","format":"standard","meta":{"footnotes":""},"categories":[12,4],"tags":[104,103],"class_list":["post-684","post","type-post","status-publish","format-standard","hentry","category-receptes-facils","category-recetas-faciles","tag-all","tag-sopa"],"_links":{"self":[{"href":"https:\/\/getmybook.es\/ca\/wp-json\/wp\/v2\/posts\/684","targetHints":{"allow":["GET"]}}],"collection":[{"href":"https:\/\/getmybook.es\/ca\/wp-json\/wp\/v2\/posts"}],"about":[{"href":"https:\/\/getmybook.es\/ca\/wp-json\/wp\/v2\/types\/post"}],"author":[{"embeddable":true,"href":"https:\/\/getmybook.es\/ca\/wp-json\/wp\/v2\/users\/2"}],"replies":[{"embeddable":true,"href":"https:\/\/getmybook.es\/ca\/wp-json\/wp\/v2\/comments?post=684"}],"version-history":[{"count":3,"href":"https:\/\/getmybook.es\/ca\/wp-json\/wp\/v2\/posts\/684\/revisions"}],"predecessor-version":[{"id":1629,"href":"https:\/\/getmybook.es\/ca\/wp-json\/wp\/v2\/posts\/684\/revisions\/1629"}],"wp:attachment":[{"href":"https:\/\/getmybook.es\/ca\/wp-json\/wp\/v2\/media?parent=684"}],"wp:term":[{"taxonomy":"category","embeddable":true,"href":"https:\/\/getmybook.es\/ca\/wp-json\/wp\/v2\/categories?post=684"},{"taxonomy":"post_tag","embeddable":true,"href":"https:\/\/getmybook.es\/ca\/wp-json\/wp\/v2\/tags?post=684"}],"curies":[{"name":"wp","href":"https:\/\/api.w.org\/{rel}","templated":true}]}}