{"id":205,"date":"2025-08-02T20:53:23","date_gmt":"2025-08-02T18:53:23","guid":{"rendered":"https:\/\/getmybook.es\/?p=205"},"modified":"2025-09-17T22:14:49","modified_gmt":"2025-09-17T20:14:49","slug":"amanida-de-favetes","status":"publish","type":"post","link":"https:\/\/getmybook.es\/ca\/blog\/amanida-de-favetes\/","title":{"rendered":"Amanida de favetes"},"content":{"rendered":"\n<h2 class=\"wp-block-heading\"><span class=\"ez-toc-section\" id=\"Recepta_damanida_de_favetes\"><\/span>Recepta d&#8217;amanida de favetes<span class=\"ez-toc-section-end\"><\/span><\/h2>\n\n\n\n<p>Aquesta amanida de favetes t\u00e9 tots els ingredients ideals per preparar un plat d\u2019all\u00f2 m\u00e9s festiu.<\/p><div id=\"ez-toc-container\" class=\"ez-toc-v2_0_81 counter-hierarchy ez-toc-counter ez-toc-grey ez-toc-container-direction\">\n<div class=\"ez-toc-title-container\">\n<p class=\"ez-toc-title\" style=\"cursor:inherit\">Resum<\/p>\n<span class=\"ez-toc-title-toggle\"><a href=\"#\" class=\"ez-toc-pull-right ez-toc-btn ez-toc-btn-xs ez-toc-btn-default ez-toc-toggle\" aria-label=\"Toggle Table of Content\"><span class=\"ez-toc-js-icon-con\"><span class=\"\"><span class=\"eztoc-hide\" style=\"display:none;\">Toggle<\/span><span class=\"ez-toc-icon-toggle-span\"><svg style=\"fill: #999;color:#999\" xmlns=\"http:\/\/www.w3.org\/2000\/svg\" class=\"list-377408\" width=\"20px\" height=\"20px\" viewBox=\"0 0 24 24\" fill=\"none\"><path d=\"M6 6H4v2h2V6zm14 0H8v2h12V6zM4 11h2v2H4v-2zm16 0H8v2h12v-2zM4 16h2v2H4v-2zm16 0H8v2h12v-2z\" fill=\"currentColor\"><\/path><\/svg><svg style=\"fill: #999;color:#999\" class=\"arrow-unsorted-368013\" xmlns=\"http:\/\/www.w3.org\/2000\/svg\" width=\"10px\" height=\"10px\" viewBox=\"0 0 24 24\" version=\"1.2\" baseProfile=\"tiny\"><path d=\"M18.2 9.3l-6.2-6.3-6.2 6.3c-.2.2-.3.4-.3.7s.1.5.3.7c.2.2.4.3.7.3h11c.3 0 .5-.1.7-.3.2-.2.3-.5.3-.7s-.1-.5-.3-.7zM5.8 14.7l6.2 6.3 6.2-6.3c.2-.2.3-.5.3-.7s-.1-.5-.3-.7c-.2-.2-.4-.3-.7-.3h-11c-.3 0-.5.1-.7.3-.2.2-.3.5-.3.7s.1.5.3.7z\"\/><\/svg><\/span><\/span><\/span><\/a><\/span><\/div>\n<nav><ul class='ez-toc-list ez-toc-list-level-1 eztoc-toggle-hide-by-default' ><li class='ez-toc-page-1 ez-toc-heading-level-2'><a class=\"ez-toc-link ez-toc-heading-1\" href=\"https:\/\/getmybook.es\/ca\/blog\/amanida-de-favetes\/#Recepta_damanida_de_favetes\" >Recepta d&#8217;amanida de favetes<\/a><ul class='ez-toc-list-level-3' ><li class='ez-toc-heading-level-3'><a class=\"ez-toc-link ez-toc-heading-2\" href=\"https:\/\/getmybook.es\/ca\/blog\/amanida-de-favetes\/#Ingredients_per_a_4_persones\" >Ingredients per a 4 persones<\/a><\/li><li class='ez-toc-page-1 ez-toc-heading-level-3'><a class=\"ez-toc-link ez-toc-heading-3\" href=\"https:\/\/getmybook.es\/ca\/blog\/amanida-de-favetes\/#Preparacio\" >Preparaci\u00f3<\/a><\/li><\/ul><\/li><\/ul><\/nav><\/div>\n\n\n\n\n<h3 class=\"wp-block-heading\"><span class=\"ez-toc-section\" id=\"Ingredients_per_a_4_persones\"><\/span>Ingredients per a 4 persones<span class=\"ez-toc-section-end\"><\/span><\/h3>\n\n\n\n<ul class=\"wp-block-list\">\n<li>400g de favetes tipus \u201cbaby\u201d congelades<\/li>\n\n\n\n<li>300g d\u2019enciam llarg o iceberg<\/li>\n\n\n\n<li>40g de formatge tipus Parma rallat<\/li>\n\n\n\n<li>40g de brots tendres (o qualsevol fulla petita)<\/li>\n\n\n\n<li>40ml d\u2019Oli d\u2019oliva verge (no el consumirem tot)<\/li>\n\n\n\n<li>25ml d\u2019un bon vinagre de sidra<\/li>\n\n\n\n<li>Cibulet fresc picat<\/li>\n\n\n\n<li>Sal<\/li>\n\n\n\n<li>Pebre<\/li>\n<\/ul>\n\n\n\n<h3 class=\"wp-block-heading\"><span class=\"ez-toc-section\" id=\"Preparacio\"><\/span>Preparaci\u00f3<span class=\"ez-toc-section-end\"><\/span><\/h3>\n\n\n\n<ol class=\"wp-block-list\">\n<li>Posa una ca\u00e7ola al foc i fes bullir les favetes el temps indicat<\/li>\n\n\n\n<li>Mentrestant prepara una vinagreta barrejant l\u2019oli i el vinagre emulsionant la mescla. Afegeix-hi el cibulet picat i per \u00faltim incorpora i barreja aquesta vinagreta amb les faves cuites i fredes. Reserva<\/li>\n\n\n\n<li>En un plat pla que pugui anar al microones fes muntanyetes amb el formatge de Parma i aplana-les. Posa al microones durant uns segons (haur\u00e0s d\u2019estar pendent del temps ja que la pot\u00e8ncia varia d\u2019un aparell a l\u2019altre), retira i deixa refredar. Han de quedar com unes galetes fines i cruixents. N\u2019han de sortir 2 per cap (dependr\u00e0 de la mida)<\/li>\n\n\n\n<li>Neteja, separa i escorre b\u00e9 les fulles de l\u2019enciam. Agrupa les fulles i embolica-les com si fessis un canal\u00f3.<\/li>\n\n\n\n<li>A continuaci\u00f3 fes-ne talls molt fins. Barreja b\u00e9 amb les mans<\/li>\n\n\n\n<li>Per emplatar pots fer servir un motllo rod\u00f3 col\u00b7locant-lo al mig del plat i posar-hi l\u2019enciam a dins per aconseguir fer muntanya. Posar-hi les favetes al damunt i els cruixents de formatge drets entremig. Tamb\u00e9 pots fer servir gots decoratius i fer pisos de tots els ingredients.<\/li>\n\n\n\n<li>Per \u00faltim, decora amb els brots tendres, salpebra i amaneix amb la vinagreta sobrant.<\/li>\n<\/ol>\n","protected":false},"excerpt":{"rendered":"<p>Recepta d&#8217;amanida de favetes Aquesta amanida de favetes t\u00e9 tots els ingredients ideals per preparar un plat d\u2019all\u00f2 m\u00e9s festiu. Ingredients per a 4 persones Preparaci\u00f3<\/p>\n","protected":false},"author":2,"featured_media":202,"comment_status":"open","ping_status":"open","sticky":false,"template":"","format":"standard","meta":{"footnotes":""},"categories":[12],"tags":[19,69,70],"class_list":["post-205","post","type-post","status-publish","format-standard","has-post-thumbnail","hentry","category-receptes-facils","tag-amanida","tag-faves","tag-nadal"],"_links":{"self":[{"href":"https:\/\/getmybook.es\/ca\/wp-json\/wp\/v2\/posts\/205","targetHints":{"allow":["GET"]}}],"collection":[{"href":"https:\/\/getmybook.es\/ca\/wp-json\/wp\/v2\/posts"}],"about":[{"href":"https:\/\/getmybook.es\/ca\/wp-json\/wp\/v2\/types\/post"}],"author":[{"embeddable":true,"href":"https:\/\/getmybook.es\/ca\/wp-json\/wp\/v2\/users\/2"}],"replies":[{"embeddable":true,"href":"https:\/\/getmybook.es\/ca\/wp-json\/wp\/v2\/comments?post=205"}],"version-history":[{"count":2,"href":"https:\/\/getmybook.es\/ca\/wp-json\/wp\/v2\/posts\/205\/revisions"}],"predecessor-version":[{"id":1582,"href":"https:\/\/getmybook.es\/ca\/wp-json\/wp\/v2\/posts\/205\/revisions\/1582"}],"wp:featuredmedia":[{"embeddable":true,"href":"https:\/\/getmybook.es\/ca\/wp-json\/wp\/v2\/media\/202"}],"wp:attachment":[{"href":"https:\/\/getmybook.es\/ca\/wp-json\/wp\/v2\/media?parent=205"}],"wp:term":[{"taxonomy":"category","embeddable":true,"href":"https:\/\/getmybook.es\/ca\/wp-json\/wp\/v2\/categories?post=205"},{"taxonomy":"post_tag","embeddable":true,"href":"https:\/\/getmybook.es\/ca\/wp-json\/wp\/v2\/tags?post=205"}],"curies":[{"name":"wp","href":"https:\/\/api.w.org\/{rel}","templated":true}]}}