{"id":198,"date":"2025-08-02T15:07:13","date_gmt":"2025-08-02T13:07:13","guid":{"rendered":"https:\/\/getmybook.es\/?p=198"},"modified":"2025-09-17T19:53:53","modified_gmt":"2025-09-17T17:53:53","slug":"conserva-de-mongeta-verda","status":"publish","type":"post","link":"https:\/\/getmybook.es\/ca\/blog\/conserva-de-mongeta-verda\/","title":{"rendered":"Conserva de mongeta verda al natural"},"content":{"rendered":"\n<h2 class=\"wp-block-heading\"><span class=\"ez-toc-section\" id=\"Recepta_de_conserva_de_mongeta_verda_al_natural\"><\/span>Recepta de conserva de mongeta verda al natural<span class=\"ez-toc-section-end\"><\/span><\/h2>\n\n\n\n<p>Les mongetes verdes s\u00f3n riques en vitamines com la vitamina C, la vitamina K i la vitamina A. A m\u00e9s s\u00f3n una bona font de minerals com el ferro, el calci, el magnesi i el potassi i finalment s\u00f3n riques en fibra, cosa que ajuda a mantenir el sistema digestiu saludable ia prevenir el restrenyiment.<\/p><div id=\"ez-toc-container\" class=\"ez-toc-v2_0_81 counter-hierarchy ez-toc-counter ez-toc-grey ez-toc-container-direction\">\n<div class=\"ez-toc-title-container\">\n<p class=\"ez-toc-title\" style=\"cursor:inherit\">Resum<\/p>\n<span class=\"ez-toc-title-toggle\"><a href=\"#\" class=\"ez-toc-pull-right ez-toc-btn ez-toc-btn-xs ez-toc-btn-default ez-toc-toggle\" aria-label=\"Toggle Table of Content\"><span class=\"ez-toc-js-icon-con\"><span class=\"\"><span class=\"eztoc-hide\" style=\"display:none;\">Toggle<\/span><span class=\"ez-toc-icon-toggle-span\"><svg style=\"fill: #999;color:#999\" xmlns=\"http:\/\/www.w3.org\/2000\/svg\" class=\"list-377408\" width=\"20px\" height=\"20px\" viewBox=\"0 0 24 24\" fill=\"none\"><path d=\"M6 6H4v2h2V6zm14 0H8v2h12V6zM4 11h2v2H4v-2zm16 0H8v2h12v-2zM4 16h2v2H4v-2zm16 0H8v2h12v-2z\" fill=\"currentColor\"><\/path><\/svg><svg style=\"fill: #999;color:#999\" class=\"arrow-unsorted-368013\" xmlns=\"http:\/\/www.w3.org\/2000\/svg\" width=\"10px\" height=\"10px\" viewBox=\"0 0 24 24\" version=\"1.2\" baseProfile=\"tiny\"><path d=\"M18.2 9.3l-6.2-6.3-6.2 6.3c-.2.2-.3.4-.3.7s.1.5.3.7c.2.2.4.3.7.3h11c.3 0 .5-.1.7-.3.2-.2.3-.5.3-.7s-.1-.5-.3-.7zM5.8 14.7l6.2 6.3 6.2-6.3c.2-.2.3-.5.3-.7s-.1-.5-.3-.7c-.2-.2-.4-.3-.7-.3h-11c-.3 0-.5.1-.7.3-.2.2-.3.5-.3.7s.1.5.3.7z\"\/><\/svg><\/span><\/span><\/span><\/a><\/span><\/div>\n<nav><ul class='ez-toc-list ez-toc-list-level-1 eztoc-toggle-hide-by-default' ><li class='ez-toc-page-1 ez-toc-heading-level-2'><a class=\"ez-toc-link ez-toc-heading-1\" href=\"https:\/\/getmybook.es\/ca\/blog\/conserva-de-mongeta-verda\/#Recepta_de_conserva_de_mongeta_verda_al_natural\" >Recepta de conserva de mongeta verda al natural<\/a><ul class='ez-toc-list-level-3' ><li class='ez-toc-heading-level-3'><a class=\"ez-toc-link ez-toc-heading-2\" href=\"https:\/\/getmybook.es\/ca\/blog\/conserva-de-mongeta-verda\/#Ingredients\" >Ingredients<\/a><\/li><li class='ez-toc-page-1 ez-toc-heading-level-3'><a class=\"ez-toc-link ez-toc-heading-3\" href=\"https:\/\/getmybook.es\/ca\/blog\/conserva-de-mongeta-verda\/#Elaboracio_de_la_recepta\" >Elaboraci\u00f3 de la recepta<\/a><\/li><\/ul><\/li><\/ul><\/nav><\/div>\n\n\n\n\n<h3 class=\"wp-block-heading\"><span class=\"ez-toc-section\" id=\"Ingredients\"><\/span>Ingredients<span class=\"ez-toc-section-end\"><\/span><\/h3>\n\n\n\n<ul class=\"wp-block-list\">\n<li>250g de mongetes verdes fines<\/li>\n\n\n\n<li>250ml d\u2019aigua mineral<\/li>\n\n\n\n<li>2 cullerades de sal<\/li>\n\n\n\n<li>2 cullerades d\u2019oli<\/li>\n<\/ul>\n\n\n\n<h3 class=\"wp-block-heading\"><span class=\"ez-toc-section\" id=\"Elaboracio_de_la_recepta\"><\/span>Elaboraci\u00f3 de la recepta<span class=\"ez-toc-section-end\"><\/span><\/h3>\n\n\n\n<ol class=\"wp-block-list\">\n<li>Neteja les mongetes<\/li>\n\n\n\n<li>En una olla amb aigua bullint, afegeix les mongetes durant uns segons. Retirar-les i refreda-les en aigua<\/li>\n\n\n\n<li>Posa les mongetes en el recipient pr\u00e8viament esterilitzat<\/li>\n\n\n\n<li>En una olla afegeix l\u2019aigua mineral i la sal i ho deixes bullir. Quan estigui fred cobreix les mongetes, afegeix l\u2019oli i tanca el recipient.<\/li>\n\n\n\n<li>En una olla amb aigua introdueixes el recipient tenint en compte que l\u2019aigua no ho cobreixi i ho bulls durant 25 minuts.<\/li>\n<\/ol>\n","protected":false},"excerpt":{"rendered":"<p>Recepta de conserva de mongeta verda al natural Les mongetes verdes s\u00f3n riques en vitamines com la vitamina C, la vitamina K i la vitamina A. A m\u00e9s s\u00f3n una bona font de minerals com el ferro, el calci, el magnesi i el potassi i finalment s\u00f3n riques en fibra, cosa que ajuda a mantenir &#8230; <a title=\"Conserva de mongeta verda al natural\" class=\"read-more\" href=\"https:\/\/getmybook.es\/ca\/blog\/conserva-de-mongeta-verda\/\" aria-label=\"M\u00e9s informaci\u00f3 sobre Conserva de mongeta verda al natural\">Llegiu m\u00e9s<\/a><\/p>\n","protected":false},"author":2,"featured_media":196,"comment_status":"open","ping_status":"open","sticky":false,"template":"","format":"standard","meta":{"footnotes":""},"categories":[12],"tags":[65,66],"class_list":["post-198","post","type-post","status-publish","format-standard","has-post-thumbnail","hentry","category-receptes-facils","tag-mongeta-verda","tag-verdura-2"],"_links":{"self":[{"href":"https:\/\/getmybook.es\/ca\/wp-json\/wp\/v2\/posts\/198","targetHints":{"allow":["GET"]}}],"collection":[{"href":"https:\/\/getmybook.es\/ca\/wp-json\/wp\/v2\/posts"}],"about":[{"href":"https:\/\/getmybook.es\/ca\/wp-json\/wp\/v2\/types\/post"}],"author":[{"embeddable":true,"href":"https:\/\/getmybook.es\/ca\/wp-json\/wp\/v2\/users\/2"}],"replies":[{"embeddable":true,"href":"https:\/\/getmybook.es\/ca\/wp-json\/wp\/v2\/comments?post=198"}],"version-history":[{"count":3,"href":"https:\/\/getmybook.es\/ca\/wp-json\/wp\/v2\/posts\/198\/revisions"}],"predecessor-version":[{"id":1541,"href":"https:\/\/getmybook.es\/ca\/wp-json\/wp\/v2\/posts\/198\/revisions\/1541"}],"wp:featuredmedia":[{"embeddable":true,"href":"https:\/\/getmybook.es\/ca\/wp-json\/wp\/v2\/media\/196"}],"wp:attachment":[{"href":"https:\/\/getmybook.es\/ca\/wp-json\/wp\/v2\/media?parent=198"}],"wp:term":[{"taxonomy":"category","embeddable":true,"href":"https:\/\/getmybook.es\/ca\/wp-json\/wp\/v2\/categories?post=198"},{"taxonomy":"post_tag","embeddable":true,"href":"https:\/\/getmybook.es\/ca\/wp-json\/wp\/v2\/tags?post=198"}],"curies":[{"name":"wp","href":"https:\/\/api.w.org\/{rel}","templated":true}]}}