{"id":167,"date":"2025-08-01T00:37:09","date_gmt":"2025-07-31T22:37:09","guid":{"rendered":"https:\/\/getmybook.es\/?p=167"},"modified":"2025-09-20T00:22:48","modified_gmt":"2025-09-19T22:22:48","slug":"brunyols-emporda","status":"publish","type":"post","link":"https:\/\/getmybook.es\/ca\/blog\/brunyols-emporda\/","title":{"rendered":"Brunyols de l&#8217;Empord\u00e0"},"content":{"rendered":"\n<h2 class=\"wp-block-heading\"><span class=\"ez-toc-section\" id=\"Recepta_de_brunyols_de_lEmporda\"><\/span>Recepta de brunyols de l&#8217;Empord\u00e0<span class=\"ez-toc-section-end\"><\/span><\/h2>\n\n\n\n<p>Et presentem una recepta t\u00edpica per fer en temps de quaresma. Els brunyols de l\u2019empord\u00e0 \u00e9s un postre per llepar-se els dits.<\/p><div id=\"ez-toc-container\" class=\"ez-toc-v2_0_81 counter-hierarchy ez-toc-counter ez-toc-grey ez-toc-container-direction\">\n<div class=\"ez-toc-title-container\">\n<p class=\"ez-toc-title\" style=\"cursor:inherit\">Resum<\/p>\n<span class=\"ez-toc-title-toggle\"><a href=\"#\" class=\"ez-toc-pull-right ez-toc-btn ez-toc-btn-xs ez-toc-btn-default ez-toc-toggle\" aria-label=\"Toggle Table of Content\"><span class=\"ez-toc-js-icon-con\"><span class=\"\"><span class=\"eztoc-hide\" style=\"display:none;\">Toggle<\/span><span class=\"ez-toc-icon-toggle-span\"><svg style=\"fill: #999;color:#999\" xmlns=\"http:\/\/www.w3.org\/2000\/svg\" class=\"list-377408\" width=\"20px\" height=\"20px\" viewBox=\"0 0 24 24\" fill=\"none\"><path d=\"M6 6H4v2h2V6zm14 0H8v2h12V6zM4 11h2v2H4v-2zm16 0H8v2h12v-2zM4 16h2v2H4v-2zm16 0H8v2h12v-2z\" fill=\"currentColor\"><\/path><\/svg><svg style=\"fill: #999;color:#999\" class=\"arrow-unsorted-368013\" xmlns=\"http:\/\/www.w3.org\/2000\/svg\" width=\"10px\" height=\"10px\" viewBox=\"0 0 24 24\" version=\"1.2\" baseProfile=\"tiny\"><path d=\"M18.2 9.3l-6.2-6.3-6.2 6.3c-.2.2-.3.4-.3.7s.1.5.3.7c.2.2.4.3.7.3h11c.3 0 .5-.1.7-.3.2-.2.3-.5.3-.7s-.1-.5-.3-.7zM5.8 14.7l6.2 6.3 6.2-6.3c.2-.2.3-.5.3-.7s-.1-.5-.3-.7c-.2-.2-.4-.3-.7-.3h-11c-.3 0-.5.1-.7.3-.2.2-.3.5-.3.7s.1.5.3.7z\"\/><\/svg><\/span><\/span><\/span><\/a><\/span><\/div>\n<nav><ul class='ez-toc-list ez-toc-list-level-1 eztoc-toggle-hide-by-default' ><li class='ez-toc-page-1 ez-toc-heading-level-2'><a class=\"ez-toc-link ez-toc-heading-1\" href=\"https:\/\/getmybook.es\/ca\/blog\/brunyols-emporda\/#Recepta_de_brunyols_de_lEmporda\" >Recepta de brunyols de l&#8217;Empord\u00e0<\/a><ul class='ez-toc-list-level-3' ><li class='ez-toc-heading-level-3'><a class=\"ez-toc-link ez-toc-heading-2\" href=\"https:\/\/getmybook.es\/ca\/blog\/brunyols-emporda\/#Ingredients_per_40_brunyols\" >Ingredients per 40 brunyols<\/a><\/li><li class='ez-toc-page-1 ez-toc-heading-level-3'><a class=\"ez-toc-link ez-toc-heading-3\" href=\"https:\/\/getmybook.es\/ca\/blog\/brunyols-emporda\/#Preparacio\" >Preparaci\u00f3<\/a><\/li><\/ul><\/li><\/ul><\/nav><\/div>\n\n\n\n\n<h3 class=\"wp-block-heading\"><span class=\"ez-toc-section\" id=\"Ingredients_per_40_brunyols\"><\/span>Ingredients per 40 brunyols<span class=\"ez-toc-section-end\"><\/span><\/h3>\n\n\n\n<ul class=\"wp-block-list\">\n<li>350 gr de farina<\/li>\n\n\n\n<li>50 gr de mantega<\/li>\n\n\n\n<li>20 gr de llevat premsat de pa<\/li>\n\n\n\n<li>60 gr de sucre; 50 ml de llet<\/li>\n\n\n\n<li>raspadures de llimona<\/li>\n\n\n\n<li>3 ousuna mica de sal<\/li>\n\n\n\n<li>\u00bd copa d\u2019an\u00eds<\/li>\n\n\n\n<li>1 culleradeta de matafaluga m\u00f2lta<\/li>\n\n\n\n<li>Oli per fregir<\/li>\n\n\n\n<li>Sucre per ensucrar els brunyols<br><\/li>\n<\/ul>\n\n\n\n<h3 class=\"wp-block-heading\"><span class=\"ez-toc-section\" id=\"Preparacio\"><\/span>Preparaci\u00f3<span class=\"ez-toc-section-end\"><\/span><\/h3>\n\n\n\n<ol class=\"wp-block-list\">\n<li>Barreja la llet t\u00e8bia amb el llevat i 100gr de farina.<\/li>\n\n\n\n<li>Forma una bola i deixa-la reposar tapada amb un drap uns 30 minuts.<\/li>\n\n\n\n<li>Forma un volc\u00e0 amb la farina que queda i posa-hi al mig els ous, la sal, la mantega, el sucre, l\u2019an\u00eds i la matafaluga.<\/li>\n\n\n\n<li>Afegeix-hi la massa reposada.<\/li>\n\n\n\n<li>Treballa amb les mans fins que obtinguis una massa fina i tova.<\/li>\n\n\n\n<li>Unta&#8217;t les mans amb oli i forma boletes que col\u00b7locar\u00e0s en una safata tamb\u00e9 untada amb oli.<\/li>\n\n\n\n<li>Deixa reposar m\u00e9s o menys 1 hora, fins que augmentin aproximadament el doble del seu volum.<\/li>\n\n\n\n<li>Passat aquest temps posa l\u2019oli a escalfar, i quan sigui ben roent agafa les boletes tot fent-hi un forat al mig i llavors fregeix-les.<\/li>\n\n\n\n<li>Tal i com les treguis del foc ensucra-les.<\/li>\n<\/ol>\n","protected":false},"excerpt":{"rendered":"<p>Recepta de brunyols de l&#8217;Empord\u00e0 Et presentem una recepta t\u00edpica per fer en temps de quaresma. Els brunyols de l\u2019empord\u00e0 \u00e9s un postre per llepar-se els dits. Ingredients per 40 brunyols Preparaci\u00f3<\/p>\n","protected":false},"author":2,"featured_media":165,"comment_status":"open","ping_status":"open","sticky":false,"template":"","format":"standard","meta":{"footnotes":""},"categories":[12],"tags":[50,51,52],"class_list":["post-167","post","type-post","status-publish","format-standard","has-post-thumbnail","hentry","category-receptes-facils","tag-brunyols","tag-bunyols","tag-quaresma"],"_links":{"self":[{"href":"https:\/\/getmybook.es\/ca\/wp-json\/wp\/v2\/posts\/167","targetHints":{"allow":["GET"]}}],"collection":[{"href":"https:\/\/getmybook.es\/ca\/wp-json\/wp\/v2\/posts"}],"about":[{"href":"https:\/\/getmybook.es\/ca\/wp-json\/wp\/v2\/types\/post"}],"author":[{"embeddable":true,"href":"https:\/\/getmybook.es\/ca\/wp-json\/wp\/v2\/users\/2"}],"replies":[{"embeddable":true,"href":"https:\/\/getmybook.es\/ca\/wp-json\/wp\/v2\/comments?post=167"}],"version-history":[{"count":3,"href":"https:\/\/getmybook.es\/ca\/wp-json\/wp\/v2\/posts\/167\/revisions"}],"predecessor-version":[{"id":1499,"href":"https:\/\/getmybook.es\/ca\/wp-json\/wp\/v2\/posts\/167\/revisions\/1499"}],"wp:featuredmedia":[{"embeddable":true,"href":"https:\/\/getmybook.es\/ca\/wp-json\/wp\/v2\/media\/165"}],"wp:attachment":[{"href":"https:\/\/getmybook.es\/ca\/wp-json\/wp\/v2\/media?parent=167"}],"wp:term":[{"taxonomy":"category","embeddable":true,"href":"https:\/\/getmybook.es\/ca\/wp-json\/wp\/v2\/categories?post=167"},{"taxonomy":"post_tag","embeddable":true,"href":"https:\/\/getmybook.es\/ca\/wp-json\/wp\/v2\/tags?post=167"}],"curies":[{"name":"wp","href":"https:\/\/api.w.org\/{rel}","templated":true}]}}