{"id":161,"date":"2025-08-01T00:28:49","date_gmt":"2025-07-31T22:28:49","guid":{"rendered":"https:\/\/getmybook.es\/?p=161"},"modified":"2025-09-22T12:25:07","modified_gmt":"2025-09-22T10:25:07","slug":"pollastre-al-forn-amb-pressec-en-almivar","status":"publish","type":"post","link":"https:\/\/getmybook.es\/ca\/blog\/pollastre-al-forn-amb-pressec-en-almivar\/","title":{"rendered":"Pollastre al forn amb pr\u00e9ssec en alm\u00edvar"},"content":{"rendered":"\n<h2 class=\"wp-block-heading\"><span class=\"ez-toc-section\" id=\"Recepta_de_pollastre_al_forn_amb_pressec_en_almivar\"><\/span>Recepta de pollastre al forn amb pr\u00e9ssec en alm\u00edvar<span class=\"ez-toc-section-end\"><\/span><\/h2>\n\n\n\n<p>Una recepta senzilla per a un dia de festa.<\/p><div id=\"ez-toc-container\" class=\"ez-toc-v2_0_81 counter-hierarchy ez-toc-counter ez-toc-grey ez-toc-container-direction\">\n<div class=\"ez-toc-title-container\">\n<p class=\"ez-toc-title\" style=\"cursor:inherit\">Resum<\/p>\n<span class=\"ez-toc-title-toggle\"><a href=\"#\" class=\"ez-toc-pull-right ez-toc-btn ez-toc-btn-xs ez-toc-btn-default ez-toc-toggle\" aria-label=\"Toggle Table of Content\"><span class=\"ez-toc-js-icon-con\"><span class=\"\"><span class=\"eztoc-hide\" style=\"display:none;\">Toggle<\/span><span class=\"ez-toc-icon-toggle-span\"><svg style=\"fill: #999;color:#999\" xmlns=\"http:\/\/www.w3.org\/2000\/svg\" class=\"list-377408\" width=\"20px\" height=\"20px\" viewBox=\"0 0 24 24\" fill=\"none\"><path d=\"M6 6H4v2h2V6zm14 0H8v2h12V6zM4 11h2v2H4v-2zm16 0H8v2h12v-2zM4 16h2v2H4v-2zm16 0H8v2h12v-2z\" fill=\"currentColor\"><\/path><\/svg><svg style=\"fill: #999;color:#999\" class=\"arrow-unsorted-368013\" xmlns=\"http:\/\/www.w3.org\/2000\/svg\" width=\"10px\" height=\"10px\" viewBox=\"0 0 24 24\" version=\"1.2\" baseProfile=\"tiny\"><path d=\"M18.2 9.3l-6.2-6.3-6.2 6.3c-.2.2-.3.4-.3.7s.1.5.3.7c.2.2.4.3.7.3h11c.3 0 .5-.1.7-.3.2-.2.3-.5.3-.7s-.1-.5-.3-.7zM5.8 14.7l6.2 6.3 6.2-6.3c.2-.2.3-.5.3-.7s-.1-.5-.3-.7c-.2-.2-.4-.3-.7-.3h-11c-.3 0-.5.1-.7.3-.2.2-.3.5-.3.7s.1.5.3.7z\"\/><\/svg><\/span><\/span><\/span><\/a><\/span><\/div>\n<nav><ul class='ez-toc-list ez-toc-list-level-1 eztoc-toggle-hide-by-default' ><li class='ez-toc-page-1 ez-toc-heading-level-2'><a class=\"ez-toc-link ez-toc-heading-1\" href=\"https:\/\/getmybook.es\/ca\/blog\/pollastre-al-forn-amb-pressec-en-almivar\/#Recepta_de_pollastre_al_forn_amb_pressec_en_almivar\" >Recepta de pollastre al forn amb pr\u00e9ssec en alm\u00edvar<\/a><ul class='ez-toc-list-level-3' ><li class='ez-toc-heading-level-3'><a class=\"ez-toc-link ez-toc-heading-2\" href=\"https:\/\/getmybook.es\/ca\/blog\/pollastre-al-forn-amb-pressec-en-almivar\/#Ingredients_per_a_4_persones\" >Ingredients per a 4 persones<\/a><\/li><li class='ez-toc-page-1 ez-toc-heading-level-3'><a class=\"ez-toc-link ez-toc-heading-3\" href=\"https:\/\/getmybook.es\/ca\/blog\/pollastre-al-forn-amb-pressec-en-almivar\/#Preparacio\" >Preparaci\u00f3<\/a><\/li><\/ul><\/li><\/ul><\/nav><\/div>\n\n\n\n\n<h3 class=\"wp-block-heading\"><span class=\"ez-toc-section\" id=\"Ingredients_per_a_4_persones\"><\/span>Ingredients per a 4 persones<span class=\"ez-toc-section-end\"><\/span><\/h3>\n\n\n\n<ul class=\"wp-block-list\">\n<li>4 cuixes de pollastre<\/li>\n\n\n\n<li>1 llauna de pr\u00e9ssec en alm\u00edvar de 480 gr.<\/li>\n\n\n\n<li>2 cullerades soperes d\u2019oli d\u2019oliva<\/li>\n\n\n\n<li>Sal i pebre negre<\/li>\n<\/ul>\n\n\n\n<h3 class=\"wp-block-heading\"><span class=\"ez-toc-section\" id=\"Preparacio\"><\/span>Preparaci\u00f3<span class=\"ez-toc-section-end\"><\/span><\/h3>\n\n\n\n<ol class=\"wp-block-list\">\n<li>Engega el forn i posa&#8217;l a 170\u00baC.<\/li>\n\n\n\n<li>Salpebra les cuixes i col\u00b7loca-les en una safata pel forn amb l\u2019oli per sobre.<\/li>\n\n\n\n<li>Posa la safata al forn i deixa coure uns 30 minuts, tot tombant les cuixes a mitja cocci\u00f3 per tal que es rossegin per les dues bandes.<\/li>\n\n\n\n<li>Passats els 30 minuts incorpora els talls de pr\u00e9ssec en alm\u00edvar a les cuixes, aboca el suc de l\u2019alm\u00edvar per sobre i deixa que s\u2019acabi de coure uns 20 minuts m\u00e9s (o fins que observis que el pollastre \u00e9s cuit), tot tombant altra vegada les cuixes i anant-les ruixant amb el suc de la cocci\u00f3.<\/li>\n\n\n\n<li>Serveix les cuixes acompanyades dels talls de pr\u00e9ssec.<\/li>\n<\/ol>\n","protected":false},"excerpt":{"rendered":"<p>Recepta de pollastre al forn amb pr\u00e9ssec en alm\u00edvar Una recepta senzilla per a un dia de festa. Ingredients per a 4 persones Preparaci\u00f3<\/p>\n","protected":false},"author":2,"featured_media":0,"comment_status":"open","ping_status":"open","sticky":false,"template":"","format":"standard","meta":{"footnotes":""},"categories":[12],"tags":[47,41,46],"class_list":["post-161","post","type-post","status-publish","format-standard","hentry","category-receptes-facils","tag-almivar","tag-pollastre","tag-pressec"],"_links":{"self":[{"href":"https:\/\/getmybook.es\/ca\/wp-json\/wp\/v2\/posts\/161","targetHints":{"allow":["GET"]}}],"collection":[{"href":"https:\/\/getmybook.es\/ca\/wp-json\/wp\/v2\/posts"}],"about":[{"href":"https:\/\/getmybook.es\/ca\/wp-json\/wp\/v2\/types\/post"}],"author":[{"embeddable":true,"href":"https:\/\/getmybook.es\/ca\/wp-json\/wp\/v2\/users\/2"}],"replies":[{"embeddable":true,"href":"https:\/\/getmybook.es\/ca\/wp-json\/wp\/v2\/comments?post=161"}],"version-history":[{"count":2,"href":"https:\/\/getmybook.es\/ca\/wp-json\/wp\/v2\/posts\/161\/revisions"}],"predecessor-version":[{"id":1595,"href":"https:\/\/getmybook.es\/ca\/wp-json\/wp\/v2\/posts\/161\/revisions\/1595"}],"wp:attachment":[{"href":"https:\/\/getmybook.es\/ca\/wp-json\/wp\/v2\/media?parent=161"}],"wp:term":[{"taxonomy":"category","embeddable":true,"href":"https:\/\/getmybook.es\/ca\/wp-json\/wp\/v2\/categories?post=161"},{"taxonomy":"post_tag","embeddable":true,"href":"https:\/\/getmybook.es\/ca\/wp-json\/wp\/v2\/tags?post=161"}],"curies":[{"name":"wp","href":"https:\/\/api.w.org\/{rel}","templated":true}]}}