{"id":135,"date":"2025-07-31T23:44:00","date_gmt":"2025-07-31T21:44:00","guid":{"rendered":"https:\/\/getmybook.es\/?p=135"},"modified":"2025-09-17T22:42:26","modified_gmt":"2025-09-17T20:42:26","slug":"crocant-de-sesam","status":"publish","type":"post","link":"https:\/\/getmybook.es\/ca\/blog\/crocant-de-sesam\/","title":{"rendered":"Crocant de s\u00e8sam"},"content":{"rendered":"\n<h2 class=\"wp-block-heading\"><span class=\"ez-toc-section\" id=\"Recepta_de_crocant_de_sesam\"><\/span>Recepta de crocant de s\u00e8sam<span class=\"ez-toc-section-end\"><\/span><\/h2>\n\n\n\n<p>El s\u00e8sam aporta molts beneficis per al nostre organisme. Et presentem la recepta de crocant de s\u00e8sam per acompanyar amb una mousse.<\/p><div id=\"ez-toc-container\" class=\"ez-toc-v2_0_81 counter-hierarchy ez-toc-counter ez-toc-grey ez-toc-container-direction\">\n<div class=\"ez-toc-title-container\">\n<p class=\"ez-toc-title\" style=\"cursor:inherit\">Resum<\/p>\n<span class=\"ez-toc-title-toggle\"><a href=\"#\" class=\"ez-toc-pull-right ez-toc-btn ez-toc-btn-xs ez-toc-btn-default ez-toc-toggle\" aria-label=\"Toggle Table of Content\"><span class=\"ez-toc-js-icon-con\"><span class=\"\"><span class=\"eztoc-hide\" style=\"display:none;\">Toggle<\/span><span class=\"ez-toc-icon-toggle-span\"><svg style=\"fill: #999;color:#999\" xmlns=\"http:\/\/www.w3.org\/2000\/svg\" class=\"list-377408\" width=\"20px\" height=\"20px\" viewBox=\"0 0 24 24\" fill=\"none\"><path d=\"M6 6H4v2h2V6zm14 0H8v2h12V6zM4 11h2v2H4v-2zm16 0H8v2h12v-2zM4 16h2v2H4v-2zm16 0H8v2h12v-2z\" fill=\"currentColor\"><\/path><\/svg><svg style=\"fill: #999;color:#999\" class=\"arrow-unsorted-368013\" xmlns=\"http:\/\/www.w3.org\/2000\/svg\" width=\"10px\" height=\"10px\" viewBox=\"0 0 24 24\" version=\"1.2\" baseProfile=\"tiny\"><path d=\"M18.2 9.3l-6.2-6.3-6.2 6.3c-.2.2-.3.4-.3.7s.1.5.3.7c.2.2.4.3.7.3h11c.3 0 .5-.1.7-.3.2-.2.3-.5.3-.7s-.1-.5-.3-.7zM5.8 14.7l6.2 6.3 6.2-6.3c.2-.2.3-.5.3-.7s-.1-.5-.3-.7c-.2-.2-.4-.3-.7-.3h-11c-.3 0-.5.1-.7.3-.2.2-.3.5-.3.7s.1.5.3.7z\"\/><\/svg><\/span><\/span><\/span><\/a><\/span><\/div>\n<nav><ul class='ez-toc-list ez-toc-list-level-1 eztoc-toggle-hide-by-default' ><li class='ez-toc-page-1 ez-toc-heading-level-2'><a class=\"ez-toc-link ez-toc-heading-1\" href=\"https:\/\/getmybook.es\/ca\/blog\/crocant-de-sesam\/#Recepta_de_crocant_de_sesam\" >Recepta de crocant de s\u00e8sam<\/a><ul class='ez-toc-list-level-3' ><li class='ez-toc-heading-level-3'><a class=\"ez-toc-link ez-toc-heading-2\" href=\"https:\/\/getmybook.es\/ca\/blog\/crocant-de-sesam\/#Ingredients\" >Ingredients<\/a><\/li><li class='ez-toc-page-1 ez-toc-heading-level-3'><a class=\"ez-toc-link ez-toc-heading-3\" href=\"https:\/\/getmybook.es\/ca\/blog\/crocant-de-sesam\/#Preparacio_de_la_recepta_de_crocant_de_sesam\" >Preparaci\u00f3 de la recepta de crocant de s\u00e8sam<\/a><\/li><\/ul><\/li><\/ul><\/nav><\/div>\n\n\n\n\n<h3 class=\"wp-block-heading\"><span class=\"ez-toc-section\" id=\"Ingredients\"><\/span>Ingredients<span class=\"ez-toc-section-end\"><\/span><\/h3>\n\n\n\n<ul class=\"wp-block-list\">\n<li>70g de llavors de s\u00e8sam crues<\/li>\n\n\n\n<li>130g de sucre<\/li>\n<\/ul>\n\n\n\n<h3 class=\"wp-block-heading\"><span class=\"ez-toc-section\" id=\"Preparacio_de_la_recepta_de_crocant_de_sesam\"><\/span>Preparaci\u00f3 de la recepta de crocant de s\u00e8sam<span class=\"ez-toc-section-end\"><\/span><\/h3>\n\n\n\n<ol class=\"wp-block-list\">\n<li>Torrem les llavors de s\u00e8sam a foc lent en una paella antiadherent. \u00c9s important anar removent-les sovint perqu\u00e8 es torrin per tot arreu. Veur\u00e0s que aniran adquirint un color m\u00e9s torrat. \u00c9s normal que saltin com si fossin crispetes de blat de moro.<\/li>\n\n\n\n<li>Incorporem el sucre i deixem que es faci un caramel. Remenem amb una llengua de silicona (amb una cullera de fusta s&#8217;enganxar\u00e0 el caramel).<\/li>\n\n\n\n<li>Aboquem el s\u00e8sam caramel\u00b7litzat sobre un full de paper sulfuritzat procurant que quedi una placa fina i uniforme. Si ho prefereixes, pots fer servir motlles per donar-li la forma abans que es refredi. Si fas una placa gran, un cop es refredi pots trossejar el crocant de s\u00e8sam a trossos irregulars.<\/li>\n\n\n\n<li>Pots servir-lo al costat d&#8217;una mousse, una maced\u00f2nia de fruites, iogurt o el que m\u00e9s t&#8217;agradi.<\/li>\n<\/ol>\n","protected":false},"excerpt":{"rendered":"<p>Recepta de crocant de s\u00e8sam El s\u00e8sam aporta molts beneficis per al nostre organisme. Et presentem la recepta de crocant de s\u00e8sam per acompanyar amb una mousse. Ingredients Preparaci\u00f3 de la recepta de crocant de s\u00e8sam<\/p>\n","protected":false},"author":2,"featured_media":129,"comment_status":"open","ping_status":"open","sticky":false,"template":"","format":"standard","meta":{"footnotes":""},"categories":[12],"tags":[28,27],"class_list":["post-135","post","type-post","status-publish","format-standard","has-post-thumbnail","hentry","category-receptes-facils","tag-llavors","tag-sesam"],"_links":{"self":[{"href":"https:\/\/getmybook.es\/ca\/wp-json\/wp\/v2\/posts\/135","targetHints":{"allow":["GET"]}}],"collection":[{"href":"https:\/\/getmybook.es\/ca\/wp-json\/wp\/v2\/posts"}],"about":[{"href":"https:\/\/getmybook.es\/ca\/wp-json\/wp\/v2\/types\/post"}],"author":[{"embeddable":true,"href":"https:\/\/getmybook.es\/ca\/wp-json\/wp\/v2\/users\/2"}],"replies":[{"embeddable":true,"href":"https:\/\/getmybook.es\/ca\/wp-json\/wp\/v2\/comments?post=135"}],"version-history":[{"count":2,"href":"https:\/\/getmybook.es\/ca\/wp-json\/wp\/v2\/posts\/135\/revisions"}],"predecessor-version":[{"id":1627,"href":"https:\/\/getmybook.es\/ca\/wp-json\/wp\/v2\/posts\/135\/revisions\/1627"}],"wp:featuredmedia":[{"embeddable":true,"href":"https:\/\/getmybook.es\/ca\/wp-json\/wp\/v2\/media\/129"}],"wp:attachment":[{"href":"https:\/\/getmybook.es\/ca\/wp-json\/wp\/v2\/media?parent=135"}],"wp:term":[{"taxonomy":"category","embeddable":true,"href":"https:\/\/getmybook.es\/ca\/wp-json\/wp\/v2\/categories?post=135"},{"taxonomy":"post_tag","embeddable":true,"href":"https:\/\/getmybook.es\/ca\/wp-json\/wp\/v2\/tags?post=135"}],"curies":[{"name":"wp","href":"https:\/\/api.w.org\/{rel}","templated":true}]}}