{"id":1010,"date":"2024-12-10T19:10:00","date_gmt":"2024-12-10T18:10:00","guid":{"rendered":"https:\/\/getmybook.es\/?p=1010"},"modified":"2025-09-22T12:29:35","modified_gmt":"2025-09-22T10:29:35","slug":"tortell-de-reis","status":"publish","type":"post","link":"https:\/\/getmybook.es\/ca\/blog\/tortell-de-reis\/","title":{"rendered":"Tortell de Reis: lletra de la can\u00e7\u00f2 i recepta"},"content":{"rendered":"\n<p>Com \u00e9s tradici\u00f3 el dia 6 de gener, el dia dels Reis Mags, despr\u00e9s de dinar o incl\u00fas per esmorzar depenent dels costums de cada casa, es serveix el Tortell de Reis. Unes dolces en forma de \u201cO\u201d, fet de farina, llevat, ous, llet, mantega i sucre i adornat amb fruites confitades i sucre, i&nbsp;cuinat al forn. Dins s\u2019amaga la fava i la figureta i sovint va acompanyat d\u2019aquest poema que ens recorda&nbsp;l&#8217;atzar, que ens pugui tocar la fava o la figureta en el tros de tortell que ens ha tocat menjar; en molts llocs del nostre pa\u00eds&nbsp;\u00e9s tradici\u00f3 llegir-lo abans de tallar el Tortell.<\/p><div id=\"ez-toc-container\" class=\"ez-toc-v2_0_81 counter-hierarchy ez-toc-counter ez-toc-grey ez-toc-container-direction\">\n<div class=\"ez-toc-title-container\">\n<p class=\"ez-toc-title\" style=\"cursor:inherit\">Resum<\/p>\n<span class=\"ez-toc-title-toggle\"><a href=\"#\" class=\"ez-toc-pull-right ez-toc-btn ez-toc-btn-xs ez-toc-btn-default ez-toc-toggle\" aria-label=\"Toggle Table of Content\"><span class=\"ez-toc-js-icon-con\"><span class=\"\"><span class=\"eztoc-hide\" style=\"display:none;\">Toggle<\/span><span class=\"ez-toc-icon-toggle-span\"><svg style=\"fill: #999;color:#999\" xmlns=\"http:\/\/www.w3.org\/2000\/svg\" class=\"list-377408\" width=\"20px\" height=\"20px\" viewBox=\"0 0 24 24\" fill=\"none\"><path d=\"M6 6H4v2h2V6zm14 0H8v2h12V6zM4 11h2v2H4v-2zm16 0H8v2h12v-2zM4 16h2v2H4v-2zm16 0H8v2h12v-2z\" fill=\"currentColor\"><\/path><\/svg><svg style=\"fill: #999;color:#999\" class=\"arrow-unsorted-368013\" xmlns=\"http:\/\/www.w3.org\/2000\/svg\" width=\"10px\" height=\"10px\" viewBox=\"0 0 24 24\" version=\"1.2\" baseProfile=\"tiny\"><path d=\"M18.2 9.3l-6.2-6.3-6.2 6.3c-.2.2-.3.4-.3.7s.1.5.3.7c.2.2.4.3.7.3h11c.3 0 .5-.1.7-.3.2-.2.3-.5.3-.7s-.1-.5-.3-.7zM5.8 14.7l6.2 6.3 6.2-6.3c.2-.2.3-.5.3-.7s-.1-.5-.3-.7c-.2-.2-.4-.3-.7-.3h-11c-.3 0-.5.1-.7.3-.2.2-.3.5-.3.7s.1.5.3.7z\"\/><\/svg><\/span><\/span><\/span><\/a><\/span><\/div>\n<nav><ul class='ez-toc-list ez-toc-list-level-1 eztoc-toggle-hide-by-default' ><li class='ez-toc-page-1 ez-toc-heading-level-2'><a class=\"ez-toc-link ez-toc-heading-1\" href=\"https:\/\/getmybook.es\/ca\/blog\/tortell-de-reis\/#Recepta_del_tortell_de_Reis\" >Recepta del tortell de Reis<\/a><ul class='ez-toc-list-level-3' ><li class='ez-toc-heading-level-3'><a class=\"ez-toc-link ez-toc-heading-2\" href=\"https:\/\/getmybook.es\/ca\/blog\/tortell-de-reis\/#Lletra\" >Lletra<\/a><\/li><li class='ez-toc-page-1 ez-toc-heading-level-3'><a class=\"ez-toc-link ez-toc-heading-3\" href=\"https:\/\/getmybook.es\/ca\/blog\/tortell-de-reis\/#Ingredients\" >Ingredients<\/a><\/li><li class='ez-toc-page-1 ez-toc-heading-level-3'><a class=\"ez-toc-link ez-toc-heading-4\" href=\"https:\/\/getmybook.es\/ca\/blog\/tortell-de-reis\/#Preparacio\" >Preparaci\u00f3<\/a><\/li><\/ul><\/li><\/ul><\/nav><\/div>\n\n\n\n\n<h2 class=\"wp-block-heading\"><span class=\"ez-toc-section\" id=\"Recepta_del_tortell_de_Reis\"><\/span>Recepta del tortell de Reis<span class=\"ez-toc-section-end\"><\/span><\/h2>\n\n\n\n<h3 class=\"wp-block-heading\"><span class=\"ez-toc-section\" id=\"Lletra\"><\/span>Lletra<span class=\"ez-toc-section-end\"><\/span><\/h3>\n\n\n\n<p>Si la fava tu hi has trobat<br>Paga el tortell sense recan\u00e7a<br>I no perdis l\u2019esperan\u00e7a<br>ser\u00e0s un ser afortunat<\/p>\n\n\n\n<p>I&nbsp;si t\u2019hi surt la figureta<br>no et quedar\u00e0 m\u00e9s remei<br>que ser coronat com a Rei<br>d\u2019aquesta festa distreta.<\/p>\n\n\n\n<p>Tradici\u00f3, sana alegria;<br>formen en la taula anell<br>i mengem tan bon tortell<br>en pau i franca harmonia.<\/p>\n\n\n\n<h3 class=\"wp-block-heading\"><span class=\"ez-toc-section\" id=\"Ingredients\"><\/span>Ingredients<span class=\"ez-toc-section-end\"><\/span><\/h3>\n\n\n\n<ul class=\"wp-block-list\">\n<li>250ml de llet<\/li>\n\n\n\n<li>650 de farina<\/li>\n\n\n\n<li>30g de llevat<\/li>\n\n\n\n<li>120g de sucre<\/li>\n\n\n\n<li>2 ous i un rovell<\/li>\n\n\n\n<li>10g de sal<\/li>\n\n\n\n<li>120g de mantega<\/li>\n\n\n\n<li>Unes gotes d\u2019an\u00eds<\/li>\n\n\n\n<li>200g de fruita confitada<\/li>\n\n\n\n<li>100g d\u2019ametlla laminada<\/li>\n\n\n\n<li>Sucre lustre<\/li>\n\n\n\n<li>Un ou batut<\/li>\n\n\n\n<li>Una fava<\/li>\n\n\n\n<li>Una figureta que pugui anar al forn<\/li>\n<\/ul>\n\n\n\n<h3 class=\"wp-block-heading\"><span class=\"ez-toc-section\" id=\"Preparacio\"><\/span>Preparaci\u00f3<span class=\"ez-toc-section-end\"><\/span><\/h3>\n\n\n\n<ol class=\"wp-block-list\">\n<li>Agafeu un bol i amasseu 100ml de llet amb tres cullerades de farina i el llevat, ho tapeu i ho deixeu reposar una hora.<\/li>\n\n\n\n<li>Barregeu la resta d\u2019ingredients: la farina, la llet, el sucre, els ous, la sal i l\u2019an\u00eds i afegiu-los a la massa en rep\u00f2s un cop passada la hora i per \u00faltim afegiu la mantega a la barreja. Amasseu la massa fins aconseguir una pasta homog\u00e8nia<\/li>\n\n\n\n<li>En una safata del forn coberta de paper vegetal o silpat col\u2022loqueu la massa en forma de tortell, deixant el forat al mig i ho deixeu reposar dues hores.<\/li>\n\n\n\n<li>Per afegir la figureta i la fava, feu dos forats a la massa i fiqueu-los dins.<\/li>\n\n\n\n<li>Un cop passat el temps de resp\u00f2s de la massa, en un got o tassa, heu de batre l\u2019ou i pinteu el tortell, seguidament distribu\u00efu la fruita confitada pel damunt junt amb el sucre i les ametlles laminades.<\/li>\n\n\n\n<li>Per \u00faltim, fiqueu-lo al forn preescalfat a 180\u00baC&nbsp; durant 25 minuts<\/li>\n<\/ol>\n","protected":false},"excerpt":{"rendered":"<p>Com \u00e9s tradici\u00f3 el dia 6 de gener, el dia dels Reis Mags, despr\u00e9s de dinar o incl\u00fas per esmorzar depenent dels costums de cada casa, es serveix el Tortell de Reis. Unes dolces en forma de \u201cO\u201d, fet de farina, llevat, ous, llet, mantega i sucre i adornat amb fruites confitades i sucre, i&nbsp;cuinat &#8230; <a title=\"Tortell de Reis: lletra de la can\u00e7\u00f2 i recepta\" class=\"read-more\" href=\"https:\/\/getmybook.es\/ca\/blog\/tortell-de-reis\/\" aria-label=\"M\u00e9s informaci\u00f3 sobre Tortell de Reis: lletra de la can\u00e7\u00f2 i recepta\">Llegiu m\u00e9s<\/a><\/p>\n","protected":false},"author":2,"featured_media":1012,"comment_status":"open","ping_status":"open","sticky":false,"template":"","format":"standard","meta":{"footnotes":""},"categories":[12],"tags":[70,109,218],"class_list":["post-1010","post","type-post","status-publish","format-standard","has-post-thumbnail","hentry","category-receptes-facils","tag-nadal","tag-tortell","tag-tortell-reis"],"_links":{"self":[{"href":"https:\/\/getmybook.es\/ca\/wp-json\/wp\/v2\/posts\/1010","targetHints":{"allow":["GET"]}}],"collection":[{"href":"https:\/\/getmybook.es\/ca\/wp-json\/wp\/v2\/posts"}],"about":[{"href":"https:\/\/getmybook.es\/ca\/wp-json\/wp\/v2\/types\/post"}],"author":[{"embeddable":true,"href":"https:\/\/getmybook.es\/ca\/wp-json\/wp\/v2\/users\/2"}],"replies":[{"embeddable":true,"href":"https:\/\/getmybook.es\/ca\/wp-json\/wp\/v2\/comments?post=1010"}],"version-history":[{"count":4,"href":"https:\/\/getmybook.es\/ca\/wp-json\/wp\/v2\/posts\/1010\/revisions"}],"predecessor-version":[{"id":1554,"href":"https:\/\/getmybook.es\/ca\/wp-json\/wp\/v2\/posts\/1010\/revisions\/1554"}],"wp:featuredmedia":[{"embeddable":true,"href":"https:\/\/getmybook.es\/ca\/wp-json\/wp\/v2\/media\/1012"}],"wp:attachment":[{"href":"https:\/\/getmybook.es\/ca\/wp-json\/wp\/v2\/media?parent=1010"}],"wp:term":[{"taxonomy":"category","embeddable":true,"href":"https:\/\/getmybook.es\/ca\/wp-json\/wp\/v2\/categories?post=1010"},{"taxonomy":"post_tag","embeddable":true,"href":"https:\/\/getmybook.es\/ca\/wp-json\/wp\/v2\/tags?post=1010"}],"curies":[{"name":"wp","href":"https:\/\/api.w.org\/{rel}","templated":true}]}}